{"id":2228,"date":"2019-03-13T11:39:55","date_gmt":"2019-03-13T10:39:55","guid":{"rendered":"http:\/\/agora.xtec.cat\/ceip-torre-llauder-mataro\/?p=2228"},"modified":"2019-03-13T11:39:55","modified_gmt":"2019-03-13T10:39:55","slug":"numeracio-a-p4","status":"publish","type":"post","link":"https:\/\/agora.xtec.cat\/ceip-torre-llauder-mataro\/general\/numeracio-a-p4\/","title":{"rendered":"NUMERACI\u00d3 A P4"},"content":{"rendered":"<p>Al desdoblament de matem\u00e0tiques hem repassat els nombres del 0 al 6 de diferents maneres, m\u00e9s aut\u00f2nomes o m\u00e9s dirigides per\u00f2 sempre de manera manipulativa i respectant els diferents ritmes i nivells.<\/p>\n<p><a href=\"https:\/\/photos.app.goo.gl\/Ltd7UcUakbWc3FRw9\">Numeraci\u00f3 P4<\/a><\/p>\n<p>&nbsp;<\/p>\n","protected":false},"excerpt":{"rendered":"<p>Al desdoblament de matem\u00e0tiques hem repassat els nombres del 0 al 6 de diferents maneres, m\u00e9s aut\u00f2nomes o m\u00e9s dirigides per\u00f2 sempre de manera manipulativa i respectant els diferents ritmes i nivells.<br \/>\n<a href=\"https:\/\/photos.app.goo.gl\/Ltd7UcUakbWc3FRw9\">Numeraci\u00f3 P4<\/a><br \/>\n&nbsp;<\/p>\n","protected":false},"author":21,"featured_media":0,"comment_status":"open","ping_status":"closed","sticky":false,"template":"","format":"standard","meta":{"_bbp_topic_count":0,"_bbp_reply_count":0,"_bbp_total_topic_count":0,"_bbp_total_reply_count":0,"_bbp_voice_count":0,"_bbp_anonymous_reply_count":0,"_bbp_topic_count_hidden":0,"_bbp_reply_count_hidden":0,"_bbp_forum_subforum_count":0,"footnotes":""},"categories":[1,3],"tags":[],"class_list":["post-2228","post","type-post","status-publish","format-standard","hentry","category-general","category-i4"],"post_mailing_queue_ids":[],"_links":{"self":[{"href":"https:\/\/agora.xtec.cat\/ceip-torre-llauder-mataro\/wp-json\/wp\/v2\/posts\/2228","targetHints":{"allow":["GET"]}}],"collection":[{"href":"https:\/\/agora.xtec.cat\/ceip-torre-llauder-mataro\/wp-json\/wp\/v2\/posts"}],"about":[{"href":"https:\/\/agora.xtec.cat\/ceip-torre-llauder-mataro\/wp-json\/wp\/v2\/types\/post"}],"author":[{"embeddable":true,"href":"https:\/\/agora.xtec.cat\/ceip-torre-llauder-mataro\/wp-json\/wp\/v2\/users\/21"}],"replies":[{"embeddable":true,"href":"https:\/\/agora.xtec.cat\/ceip-torre-llauder-mataro\/wp-json\/wp\/v2\/comments?post=2228"}],"version-history":[{"count":1,"href":"https:\/\/agora.xtec.cat\/ceip-torre-llauder-mataro\/wp-json\/wp\/v2\/posts\/2228\/revisions"}],"predecessor-version":[{"id":2229,"href":"https:\/\/agora.xtec.cat\/ceip-torre-llauder-mataro\/wp-json\/wp\/v2\/posts\/2228\/revisions\/2229"}],"wp:attachment":[{"href":"https:\/\/agora.xtec.cat\/ceip-torre-llauder-mataro\/wp-json\/wp\/v2\/media?parent=2228"}],"wp:term":[{"taxonomy":"category","embeddable":true,"href":"https:\/\/agora.xtec.cat\/ceip-torre-llauder-mataro\/wp-json\/wp\/v2\/categories?post=2228"},{"taxonomy":"post_tag","embeddable":true,"href":"https:\/\/agora.xtec.cat\/ceip-torre-llauder-mataro\/wp-json\/wp\/v2\/tags?post=2228"}],"curies":[{"name":"wp","href":"https:\/\/api.w.org\/{rel}","templated":true}]}}