{"id":2211,"date":"2019-03-01T20:07:05","date_gmt":"2019-03-01T19:07:05","guid":{"rendered":"http:\/\/agora.xtec.cat\/ceip-torre-llauder-mataro\/?p=2211"},"modified":"2019-03-01T20:07:05","modified_gmt":"2019-03-01T19:07:05","slug":"carnaval-2019-ed-inf","status":"publish","type":"post","link":"https:\/\/agora.xtec.cat\/ceip-torre-llauder-mataro\/infantil\/carnaval-2019-ed-inf\/","title":{"rendered":"CARNAVAL 2019 ED INF"},"content":{"rendered":"<p>Fam\u00edlies,<\/p>\n<p>Estem de setmana de Carnaval: visca el Carnestoltes, rei dels poca-soltes!! Podeu veure aqu\u00ed les activitats que hem anat fent, l&#8217;elaboraci\u00f3 de les disfresses, les ordres del Carnestoltes que portem fins ara, aix\u00ed com l&#8217;esmorzar conjunt del dia de la truita.<\/p>\n<p><a href=\"https:\/\/photos.app.goo.gl\/H1n8wMwSyVAQ9msx8\">Ed Inf CARNAVAL&#8217;19<\/a><\/p>\n","protected":false},"excerpt":{"rendered":"<p>Fam\u00edlies,<br \/>\nEstem de setmana de Carnaval: visca el Carnestoltes, rei dels poca-soltes!! Podeu veure aqu\u00ed les activitats que hem anat fent, l&#8217;elaboraci\u00f3 de les disfresses, les ordres del Carnestoltes que portem fins ara, aix\u00ed com l&#8217;esmorzar conjunt del dia de la truita.<br \/>\n<a href=\"https:\/\/photos.app.goo.gl\/H1n8wMwSyVAQ9msx8\">Ed Inf CARNAVAL&#8217;19<\/a><\/p>\n","protected":false},"author":21,"featured_media":0,"comment_status":"open","ping_status":"closed","sticky":false,"template":"","format":"standard","meta":{"_bbp_topic_count":0,"_bbp_reply_count":0,"_bbp_total_topic_count":0,"_bbp_total_reply_count":0,"_bbp_voice_count":0,"_bbp_anonymous_reply_count":0,"_bbp_topic_count_hidden":0,"_bbp_reply_count_hidden":0,"_bbp_forum_subforum_count":0,"footnotes":""},"categories":[83,3,8,2],"tags":[],"class_list":["post-2211","post","type-post","status-publish","format-standard","hentry","category-i3","category-i4","category-i5","category-infantil"],"post_mailing_queue_ids":[],"_links":{"self":[{"href":"https:\/\/agora.xtec.cat\/ceip-torre-llauder-mataro\/wp-json\/wp\/v2\/posts\/2211","targetHints":{"allow":["GET"]}}],"collection":[{"href":"https:\/\/agora.xtec.cat\/ceip-torre-llauder-mataro\/wp-json\/wp\/v2\/posts"}],"about":[{"href":"https:\/\/agora.xtec.cat\/ceip-torre-llauder-mataro\/wp-json\/wp\/v2\/types\/post"}],"author":[{"embeddable":true,"href":"https:\/\/agora.xtec.cat\/ceip-torre-llauder-mataro\/wp-json\/wp\/v2\/users\/21"}],"replies":[{"embeddable":true,"href":"https:\/\/agora.xtec.cat\/ceip-torre-llauder-mataro\/wp-json\/wp\/v2\/comments?post=2211"}],"version-history":[{"count":1,"href":"https:\/\/agora.xtec.cat\/ceip-torre-llauder-mataro\/wp-json\/wp\/v2\/posts\/2211\/revisions"}],"predecessor-version":[{"id":2212,"href":"https:\/\/agora.xtec.cat\/ceip-torre-llauder-mataro\/wp-json\/wp\/v2\/posts\/2211\/revisions\/2212"}],"wp:attachment":[{"href":"https:\/\/agora.xtec.cat\/ceip-torre-llauder-mataro\/wp-json\/wp\/v2\/media?parent=2211"}],"wp:term":[{"taxonomy":"category","embeddable":true,"href":"https:\/\/agora.xtec.cat\/ceip-torre-llauder-mataro\/wp-json\/wp\/v2\/categories?post=2211"},{"taxonomy":"post_tag","embeddable":true,"href":"https:\/\/agora.xtec.cat\/ceip-torre-llauder-mataro\/wp-json\/wp\/v2\/tags?post=2211"}],"curies":[{"name":"wp","href":"https:\/\/api.w.org\/{rel}","templated":true}]}}