{"id":2194,"date":"2019-02-11T22:52:28","date_gmt":"2019-02-11T21:52:28","guid":{"rendered":"http:\/\/agora.xtec.cat\/ceip-torre-llauder-mataro\/?p=2194"},"modified":"2019-02-12T10:47:32","modified_gmt":"2019-02-12T09:47:32","slug":"flautista-d-hamelin-p5","status":"publish","type":"post","link":"https:\/\/agora.xtec.cat\/ceip-torre-llauder-mataro\/infantil\/flautista-d-hamelin-p5\/","title":{"rendered":"FLAUTISTA D &#8216;HAMELIN P5"},"content":{"rendered":"<p>Avui podreu veure la dramatitzaci\u00f3 del conte i, posteriorment, com els nens i nenes han ordenat la seq\u00fc\u00e8ncia temporal. Properament els videos<\/p>\n<p><a href=\"https:\/\/photos.app.goo.gl\/47W1LNbhiTYk5PGg6\">P5 &#8211; FLAUTISTA D&#8217;HAMELIN<\/a><\/p>\n","protected":false},"excerpt":{"rendered":"<p>Avui podreu veure la dramatitzaci\u00f3 del conte i, posteriorment, com els nens i nenes han ordenat la seq\u00fc\u00e8ncia temporal. Properament els videos<br \/>\n<a href=\"https:\/\/photos.app.goo.gl\/47W1LNbhiTYk5PGg6\">P5 &#8211; FLAUTISTA D&#8217;HAMELIN<\/a><\/p>\n","protected":false},"author":21,"featured_media":0,"comment_status":"open","ping_status":"closed","sticky":false,"template":"","format":"standard","meta":{"_bbp_topic_count":0,"_bbp_reply_count":0,"_bbp_total_topic_count":0,"_bbp_total_reply_count":0,"_bbp_voice_count":0,"_bbp_anonymous_reply_count":0,"_bbp_topic_count_hidden":0,"_bbp_reply_count_hidden":0,"_bbp_forum_subforum_count":0,"footnotes":""},"categories":[83,3,8,2],"tags":[],"class_list":["post-2194","post","type-post","status-publish","format-standard","hentry","category-i3","category-i4","category-i5","category-infantil"],"post_mailing_queue_ids":[],"_links":{"self":[{"href":"https:\/\/agora.xtec.cat\/ceip-torre-llauder-mataro\/wp-json\/wp\/v2\/posts\/2194","targetHints":{"allow":["GET"]}}],"collection":[{"href":"https:\/\/agora.xtec.cat\/ceip-torre-llauder-mataro\/wp-json\/wp\/v2\/posts"}],"about":[{"href":"https:\/\/agora.xtec.cat\/ceip-torre-llauder-mataro\/wp-json\/wp\/v2\/types\/post"}],"author":[{"embeddable":true,"href":"https:\/\/agora.xtec.cat\/ceip-torre-llauder-mataro\/wp-json\/wp\/v2\/users\/21"}],"replies":[{"embeddable":true,"href":"https:\/\/agora.xtec.cat\/ceip-torre-llauder-mataro\/wp-json\/wp\/v2\/comments?post=2194"}],"version-history":[{"count":3,"href":"https:\/\/agora.xtec.cat\/ceip-torre-llauder-mataro\/wp-json\/wp\/v2\/posts\/2194\/revisions"}],"predecessor-version":[{"id":2199,"href":"https:\/\/agora.xtec.cat\/ceip-torre-llauder-mataro\/wp-json\/wp\/v2\/posts\/2194\/revisions\/2199"}],"wp:attachment":[{"href":"https:\/\/agora.xtec.cat\/ceip-torre-llauder-mataro\/wp-json\/wp\/v2\/media?parent=2194"}],"wp:term":[{"taxonomy":"category","embeddable":true,"href":"https:\/\/agora.xtec.cat\/ceip-torre-llauder-mataro\/wp-json\/wp\/v2\/categories?post=2194"},{"taxonomy":"post_tag","embeddable":true,"href":"https:\/\/agora.xtec.cat\/ceip-torre-llauder-mataro\/wp-json\/wp\/v2\/tags?post=2194"}],"curies":[{"name":"wp","href":"https:\/\/api.w.org\/{rel}","templated":true}]}}