{"id":2181,"date":"2019-02-11T22:19:13","date_gmt":"2019-02-11T21:19:13","guid":{"rendered":"http:\/\/agora.xtec.cat\/ceip-torre-llauder-mataro\/?p=2181"},"modified":"2019-04-25T19:12:06","modified_gmt":"2019-04-25T17:12:06","slug":"tallers-de-plastica-2n-trimestre","status":"publish","type":"post","link":"https:\/\/agora.xtec.cat\/ceip-torre-llauder-mataro\/infantil\/tallers-de-plastica-2n-trimestre\/","title":{"rendered":"TALLERS DE PL\u00c0STICA 2n TRIMESTRE"},"content":{"rendered":"<p>Els nens i nenes continuen fent tallers internivells de pl\u00e0stica. Van millorant en les diferents t\u00e8cniques treballades i deixant anar la seva creativitat. Aquestes s\u00f3n <a href=\"https:\/\/photos.app.goo.gl\/mSy7cPF2AxxhHg8Q9\">les propostes del segon trimestre.<\/a><\/p>\n<p>I m\u00e9s fotos de les <a href=\"https:\/\/photos.app.goo.gl\/5arCqgANLuhYRVfV6\">seg\u00fcents sessions<\/a>.<\/p>\n<p>&nbsp;<\/p>\n","protected":false},"excerpt":{"rendered":"<p>Els nens i nenes continuen fent tallers internivells de pl\u00e0stica. Van millorant en les diferents t\u00e8cniques treballades i deixant anar la seva creativitat. Aquestes s\u00f3n <a href=\"https:\/\/photos.app.goo.gl\/mSy7cPF2AxxhHg8Q9\">les propostes del segon trimestre.<\/a><br \/>\nI m\u00e9s fotos de les <a href=\"https:\/\/photos.app.goo.gl\/5arCqgANLuhYRVfV6\">seg\u00fcents sessions<\/a>.<br \/>\n&nbsp;<\/p>\n","protected":false},"author":21,"featured_media":0,"comment_status":"open","ping_status":"closed","sticky":false,"template":"","format":"standard","meta":{"_bbp_topic_count":0,"_bbp_reply_count":0,"_bbp_total_topic_count":0,"_bbp_total_reply_count":0,"_bbp_voice_count":0,"_bbp_anonymous_reply_count":0,"_bbp_topic_count_hidden":0,"_bbp_reply_count_hidden":0,"_bbp_forum_subforum_count":0,"footnotes":""},"categories":[83,3,8,2],"tags":[],"class_list":["post-2181","post","type-post","status-publish","format-standard","hentry","category-i3","category-i4","category-i5","category-infantil"],"post_mailing_queue_ids":[],"_links":{"self":[{"href":"https:\/\/agora.xtec.cat\/ceip-torre-llauder-mataro\/wp-json\/wp\/v2\/posts\/2181","targetHints":{"allow":["GET"]}}],"collection":[{"href":"https:\/\/agora.xtec.cat\/ceip-torre-llauder-mataro\/wp-json\/wp\/v2\/posts"}],"about":[{"href":"https:\/\/agora.xtec.cat\/ceip-torre-llauder-mataro\/wp-json\/wp\/v2\/types\/post"}],"author":[{"embeddable":true,"href":"https:\/\/agora.xtec.cat\/ceip-torre-llauder-mataro\/wp-json\/wp\/v2\/users\/21"}],"replies":[{"embeddable":true,"href":"https:\/\/agora.xtec.cat\/ceip-torre-llauder-mataro\/wp-json\/wp\/v2\/comments?post=2181"}],"version-history":[{"count":2,"href":"https:\/\/agora.xtec.cat\/ceip-torre-llauder-mataro\/wp-json\/wp\/v2\/posts\/2181\/revisions"}],"predecessor-version":[{"id":2304,"href":"https:\/\/agora.xtec.cat\/ceip-torre-llauder-mataro\/wp-json\/wp\/v2\/posts\/2181\/revisions\/2304"}],"wp:attachment":[{"href":"https:\/\/agora.xtec.cat\/ceip-torre-llauder-mataro\/wp-json\/wp\/v2\/media?parent=2181"}],"wp:term":[{"taxonomy":"category","embeddable":true,"href":"https:\/\/agora.xtec.cat\/ceip-torre-llauder-mataro\/wp-json\/wp\/v2\/categories?post=2181"},{"taxonomy":"post_tag","embeddable":true,"href":"https:\/\/agora.xtec.cat\/ceip-torre-llauder-mataro\/wp-json\/wp\/v2\/tags?post=2181"}],"curies":[{"name":"wp","href":"https:\/\/api.w.org\/{rel}","templated":true}]}}