{"id":2179,"date":"2019-02-11T22:11:37","date_gmt":"2019-02-11T21:11:37","guid":{"rendered":"http:\/\/agora.xtec.cat\/ceip-torre-llauder-mataro\/?p=2179"},"modified":"2019-02-11T22:11:37","modified_gmt":"2019-02-11T21:11:37","slug":"ca-larenas-p3","status":"publish","type":"post","link":"https:\/\/agora.xtec.cat\/ceip-torre-llauder-mataro\/infantil\/ca-larenas-p3\/","title":{"rendered":"Ca l&#8217;Arenas P3"},"content":{"rendered":"<p>Els nens i nenes de P3 han fet un bon passeig fins arribar al museu de Ca l&#8217;Arenas, per\u00f2 l&#8217;esfor\u00e7 ha valgut la pena ja que all\u00e0 ho han passat molt b\u00e9: han escoltat un conte, han jugat a muntar cares i despr\u00e9s han fet el seu propi retrat. Podeu veure <a href=\"https:\/\/photos.app.goo.gl\/FR76yCbCp6AS6UHp6\">aqu\u00ed<\/a> les fotos.<\/p>\n","protected":false},"excerpt":{"rendered":"<p>Els nens i nenes de P3 han fet un bon passeig fins arribar al museu de Ca l&#8217;Arenas, per\u00f2 l&#8217;esfor\u00e7 ha valgut la pena ja que all\u00e0 ho han passat molt b\u00e9: han escoltat un conte, han jugat a muntar cares i despr\u00e9s han fet&hellip;  <a href=\"https:\/\/agora.xtec.cat\/ceip-torre-llauder-mataro\/infantil\/ca-larenas-p3\/\" title=\"Read Ca l&#8217;Arenas P3\">Llegeix m\u00e9s\u00bb<\/a><\/p>\n","protected":false},"author":21,"featured_media":0,"comment_status":"open","ping_status":"closed","sticky":false,"template":"","format":"standard","meta":{"_bbp_topic_count":0,"_bbp_reply_count":0,"_bbp_total_topic_count":0,"_bbp_total_reply_count":0,"_bbp_voice_count":0,"_bbp_anonymous_reply_count":0,"_bbp_topic_count_hidden":0,"_bbp_reply_count_hidden":0,"_bbp_forum_subforum_count":0,"footnotes":""},"categories":[83,2],"tags":[],"class_list":["post-2179","post","type-post","status-publish","format-standard","hentry","category-i3","category-infantil"],"post_mailing_queue_ids":[],"_links":{"self":[{"href":"https:\/\/agora.xtec.cat\/ceip-torre-llauder-mataro\/wp-json\/wp\/v2\/posts\/2179","targetHints":{"allow":["GET"]}}],"collection":[{"href":"https:\/\/agora.xtec.cat\/ceip-torre-llauder-mataro\/wp-json\/wp\/v2\/posts"}],"about":[{"href":"https:\/\/agora.xtec.cat\/ceip-torre-llauder-mataro\/wp-json\/wp\/v2\/types\/post"}],"author":[{"embeddable":true,"href":"https:\/\/agora.xtec.cat\/ceip-torre-llauder-mataro\/wp-json\/wp\/v2\/users\/21"}],"replies":[{"embeddable":true,"href":"https:\/\/agora.xtec.cat\/ceip-torre-llauder-mataro\/wp-json\/wp\/v2\/comments?post=2179"}],"version-history":[{"count":1,"href":"https:\/\/agora.xtec.cat\/ceip-torre-llauder-mataro\/wp-json\/wp\/v2\/posts\/2179\/revisions"}],"predecessor-version":[{"id":2180,"href":"https:\/\/agora.xtec.cat\/ceip-torre-llauder-mataro\/wp-json\/wp\/v2\/posts\/2179\/revisions\/2180"}],"wp:attachment":[{"href":"https:\/\/agora.xtec.cat\/ceip-torre-llauder-mataro\/wp-json\/wp\/v2\/media?parent=2179"}],"wp:term":[{"taxonomy":"category","embeddable":true,"href":"https:\/\/agora.xtec.cat\/ceip-torre-llauder-mataro\/wp-json\/wp\/v2\/categories?post=2179"},{"taxonomy":"post_tag","embeddable":true,"href":"https:\/\/agora.xtec.cat\/ceip-torre-llauder-mataro\/wp-json\/wp\/v2\/tags?post=2179"}],"curies":[{"name":"wp","href":"https:\/\/api.w.org\/{rel}","templated":true}]}}