{"id":2161,"date":"2019-01-31T16:29:35","date_gmt":"2019-01-31T15:29:35","guid":{"rendered":"http:\/\/agora.xtec.cat\/ceip-torre-llauder-mataro\/?p=2161"},"modified":"2019-01-31T16:29:35","modified_gmt":"2019-01-31T15:29:35","slug":"hem-anat-a-ca-larenas","status":"publish","type":"post","link":"https:\/\/agora.xtec.cat\/ceip-torre-llauder-mataro\/infantil\/hem-anat-a-ca-larenas\/","title":{"rendered":"Hem anat a Ca l&#8217;Arenas"},"content":{"rendered":"<p><a href=\"https:\/\/photos.app.goo.gl\/AkiQ7ZXC6DJCg3nw8\">Ca l&#8217;Arenas<\/a><\/p>\n<p>Els nens i les nenes de la classe del Drac hem anat a fer un taller a Ca l&#8217;Arenas. El taller es diu: un regal dins un regal. Ens han explicat la hist\u00f2ria de la Matrioska (les nines russes). Despr\u00e9s de la hist\u00f2ria hem pogut jugar amb el material i, finalment, fer un dibuix de la nostra Matrioska per portar-lo a casa!!! Ens ho hem passat molt b\u00e9!!!<\/p>\n","protected":false},"excerpt":{"rendered":"<p><a href=\"https:\/\/photos.app.goo.gl\/AkiQ7ZXC6DJCg3nw8\">Ca l&#8217;Arenas<\/a><br \/>\nEls nens i les nenes de la classe del Drac hem anat a fer un taller a Ca l&#8217;Arenas. El taller es diu: un regal dins un regal. Ens han explicat la hist\u00f2ria de la Matrioska (les nines russes). Despr\u00e9s de la hist\u00f2ria&hellip;  <a href=\"https:\/\/agora.xtec.cat\/ceip-torre-llauder-mataro\/infantil\/hem-anat-a-ca-larenas\/\" title=\"Read Hem anat a Ca l&#8217;Arenas\">Llegeix m\u00e9s\u00bb<\/a><\/p>\n","protected":false},"author":12,"featured_media":0,"comment_status":"open","ping_status":"closed","sticky":false,"template":"","format":"standard","meta":{"_bbp_topic_count":0,"_bbp_reply_count":0,"_bbp_total_topic_count":0,"_bbp_total_reply_count":0,"_bbp_voice_count":0,"_bbp_anonymous_reply_count":0,"_bbp_topic_count_hidden":0,"_bbp_reply_count_hidden":0,"_bbp_forum_subforum_count":0,"footnotes":""},"categories":[3,8,2],"tags":[],"class_list":["post-2161","post","type-post","status-publish","format-standard","hentry","category-i4","category-i5","category-infantil"],"post_mailing_queue_ids":[],"_links":{"self":[{"href":"https:\/\/agora.xtec.cat\/ceip-torre-llauder-mataro\/wp-json\/wp\/v2\/posts\/2161","targetHints":{"allow":["GET"]}}],"collection":[{"href":"https:\/\/agora.xtec.cat\/ceip-torre-llauder-mataro\/wp-json\/wp\/v2\/posts"}],"about":[{"href":"https:\/\/agora.xtec.cat\/ceip-torre-llauder-mataro\/wp-json\/wp\/v2\/types\/post"}],"author":[{"embeddable":true,"href":"https:\/\/agora.xtec.cat\/ceip-torre-llauder-mataro\/wp-json\/wp\/v2\/users\/12"}],"replies":[{"embeddable":true,"href":"https:\/\/agora.xtec.cat\/ceip-torre-llauder-mataro\/wp-json\/wp\/v2\/comments?post=2161"}],"version-history":[{"count":1,"href":"https:\/\/agora.xtec.cat\/ceip-torre-llauder-mataro\/wp-json\/wp\/v2\/posts\/2161\/revisions"}],"predecessor-version":[{"id":2162,"href":"https:\/\/agora.xtec.cat\/ceip-torre-llauder-mataro\/wp-json\/wp\/v2\/posts\/2161\/revisions\/2162"}],"wp:attachment":[{"href":"https:\/\/agora.xtec.cat\/ceip-torre-llauder-mataro\/wp-json\/wp\/v2\/media?parent=2161"}],"wp:term":[{"taxonomy":"category","embeddable":true,"href":"https:\/\/agora.xtec.cat\/ceip-torre-llauder-mataro\/wp-json\/wp\/v2\/categories?post=2161"},{"taxonomy":"post_tag","embeddable":true,"href":"https:\/\/agora.xtec.cat\/ceip-torre-llauder-mataro\/wp-json\/wp\/v2\/tags?post=2161"}],"curies":[{"name":"wp","href":"https:\/\/api.w.org\/{rel}","templated":true}]}}