{"id":2145,"date":"2019-01-29T16:33:17","date_gmt":"2019-01-29T15:33:17","guid":{"rendered":"http:\/\/agora.xtec.cat\/ceip-torre-llauder-mataro\/?p=2145"},"modified":"2019-01-29T16:34:12","modified_gmt":"2019-01-29T15:34:12","slug":"museu-dhistoria-de-catalunya","status":"publish","type":"post","link":"https:\/\/agora.xtec.cat\/ceip-torre-llauder-mataro\/general\/museu-dhistoria-de-catalunya\/","title":{"rendered":"Museu d&#8217;hist\u00f2ria de Catalunya"},"content":{"rendered":"<p>El passat divendres 18 de gener els alumnes de 5\u00e8 i 6\u00e8 vam anar al Museu d&#8217;Hist\u00f2ria de Catalunya. Aqu\u00ed us deixem unes fotos perqu\u00e8 veieu tot el que vam fer.<\/p>\n<p><a href=\"https:\/\/photos.app.goo.gl\/t1A57Krf1UikVtMB7\">Fotos del museu d&#8217;Hist\u00f2ria de Catalunya<\/a><\/p>\n<p>&nbsp;<\/p>\n","protected":false},"excerpt":{"rendered":"<p>El passat divendres 18 de gener els alumnes de 5\u00e8 i 6\u00e8 vam anar al Museu d&#8217;Hist\u00f2ria de Catalunya. Aqu\u00ed us deixem unes fotos perqu\u00e8 veieu tot el que vam fer.<br \/>\n<a href=\"https:\/\/photos.app.goo.gl\/t1A57Krf1UikVtMB7\">Fotos del museu d&#8217;Hist\u00f2ria de Catalunya<\/a><br \/>\n&nbsp;<\/p>\n","protected":false},"author":19,"featured_media":0,"comment_status":"open","ping_status":"closed","sticky":false,"template":"","format":"standard","meta":{"_bbp_topic_count":0,"_bbp_reply_count":0,"_bbp_total_topic_count":0,"_bbp_total_reply_count":0,"_bbp_voice_count":0,"_bbp_anonymous_reply_count":0,"_bbp_topic_count_hidden":0,"_bbp_reply_count_hidden":0,"_bbp_forum_subforum_count":0,"footnotes":""},"categories":[13,14,1],"tags":[],"class_list":["post-2145","post","type-post","status-publish","format-standard","hentry","category-5e","category-6e","category-general"],"post_mailing_queue_ids":[],"_links":{"self":[{"href":"https:\/\/agora.xtec.cat\/ceip-torre-llauder-mataro\/wp-json\/wp\/v2\/posts\/2145","targetHints":{"allow":["GET"]}}],"collection":[{"href":"https:\/\/agora.xtec.cat\/ceip-torre-llauder-mataro\/wp-json\/wp\/v2\/posts"}],"about":[{"href":"https:\/\/agora.xtec.cat\/ceip-torre-llauder-mataro\/wp-json\/wp\/v2\/types\/post"}],"author":[{"embeddable":true,"href":"https:\/\/agora.xtec.cat\/ceip-torre-llauder-mataro\/wp-json\/wp\/v2\/users\/19"}],"replies":[{"embeddable":true,"href":"https:\/\/agora.xtec.cat\/ceip-torre-llauder-mataro\/wp-json\/wp\/v2\/comments?post=2145"}],"version-history":[{"count":3,"href":"https:\/\/agora.xtec.cat\/ceip-torre-llauder-mataro\/wp-json\/wp\/v2\/posts\/2145\/revisions"}],"predecessor-version":[{"id":2148,"href":"https:\/\/agora.xtec.cat\/ceip-torre-llauder-mataro\/wp-json\/wp\/v2\/posts\/2145\/revisions\/2148"}],"wp:attachment":[{"href":"https:\/\/agora.xtec.cat\/ceip-torre-llauder-mataro\/wp-json\/wp\/v2\/media?parent=2145"}],"wp:term":[{"taxonomy":"category","embeddable":true,"href":"https:\/\/agora.xtec.cat\/ceip-torre-llauder-mataro\/wp-json\/wp\/v2\/categories?post=2145"},{"taxonomy":"post_tag","embeddable":true,"href":"https:\/\/agora.xtec.cat\/ceip-torre-llauder-mataro\/wp-json\/wp\/v2\/tags?post=2145"}],"curies":[{"name":"wp","href":"https:\/\/api.w.org\/{rel}","templated":true}]}}