{"id":2112,"date":"2019-01-05T12:55:14","date_gmt":"2019-01-05T11:55:14","guid":{"rendered":"http:\/\/agora.xtec.cat\/ceip-torre-llauder-mataro\/?p=2112"},"modified":"2019-01-05T15:12:57","modified_gmt":"2019-01-05T14:12:57","slug":"nadal-e-i-2018-ultim-dia","status":"publish","type":"post","link":"https:\/\/agora.xtec.cat\/ceip-torre-llauder-mataro\/infantil\/nadal-e-i-2018-ultim-dia\/","title":{"rendered":"NADAL E.I 2018 (\u00faltim dia)"},"content":{"rendered":"<p>\u00daltim dia del final del primer trimestre!! Fem cagar el ti\u00f3 amb regals per tots els nens i nenes, esmorzem coca amb xocolata desfeta i rebem al patge, que agafa les cartes amb els nostres desitjos per l&#8217;any vinent. Bones festes a tots i totes!!<\/p>\n<p><a href=\"https:\/\/photos.app.goo.gl\/e1AvqUnyCCTSMQr49\">Nadal 2018 EInf<\/a><\/p>\n","protected":false},"excerpt":{"rendered":"<p>\u00daltim dia del final del primer trimestre!! Fem cagar el ti\u00f3 amb regals per tots els nens i nenes, esmorzem coca amb xocolata desfeta i rebem al patge, que agafa les cartes amb els nostres desitjos per l&#8217;any vinent. Bones festes a tots i totes!!<br \/>\n<a&hellip;  <a href=\"https:\/\/agora.xtec.cat\/ceip-torre-llauder-mataro\/infantil\/nadal-e-i-2018-ultim-dia\/\" title=\"Read NADAL E.I 2018 (\u00faltim dia)\">Llegeix m\u00e9s\u00bb<\/a><\/p>\n","protected":false},"author":21,"featured_media":0,"comment_status":"open","ping_status":"closed","sticky":false,"template":"","format":"standard","meta":{"_bbp_topic_count":0,"_bbp_reply_count":0,"_bbp_total_topic_count":0,"_bbp_total_reply_count":0,"_bbp_voice_count":0,"_bbp_anonymous_reply_count":0,"_bbp_topic_count_hidden":0,"_bbp_reply_count_hidden":0,"_bbp_forum_subforum_count":0,"footnotes":""},"categories":[83,3,8,2],"tags":[],"class_list":["post-2112","post","type-post","status-publish","format-standard","hentry","category-i3","category-i4","category-i5","category-infantil"],"post_mailing_queue_ids":[],"_links":{"self":[{"href":"https:\/\/agora.xtec.cat\/ceip-torre-llauder-mataro\/wp-json\/wp\/v2\/posts\/2112","targetHints":{"allow":["GET"]}}],"collection":[{"href":"https:\/\/agora.xtec.cat\/ceip-torre-llauder-mataro\/wp-json\/wp\/v2\/posts"}],"about":[{"href":"https:\/\/agora.xtec.cat\/ceip-torre-llauder-mataro\/wp-json\/wp\/v2\/types\/post"}],"author":[{"embeddable":true,"href":"https:\/\/agora.xtec.cat\/ceip-torre-llauder-mataro\/wp-json\/wp\/v2\/users\/21"}],"replies":[{"embeddable":true,"href":"https:\/\/agora.xtec.cat\/ceip-torre-llauder-mataro\/wp-json\/wp\/v2\/comments?post=2112"}],"version-history":[{"count":2,"href":"https:\/\/agora.xtec.cat\/ceip-torre-llauder-mataro\/wp-json\/wp\/v2\/posts\/2112\/revisions"}],"predecessor-version":[{"id":2115,"href":"https:\/\/agora.xtec.cat\/ceip-torre-llauder-mataro\/wp-json\/wp\/v2\/posts\/2112\/revisions\/2115"}],"wp:attachment":[{"href":"https:\/\/agora.xtec.cat\/ceip-torre-llauder-mataro\/wp-json\/wp\/v2\/media?parent=2112"}],"wp:term":[{"taxonomy":"category","embeddable":true,"href":"https:\/\/agora.xtec.cat\/ceip-torre-llauder-mataro\/wp-json\/wp\/v2\/categories?post=2112"},{"taxonomy":"post_tag","embeddable":true,"href":"https:\/\/agora.xtec.cat\/ceip-torre-llauder-mataro\/wp-json\/wp\/v2\/tags?post=2112"}],"curies":[{"name":"wp","href":"https:\/\/api.w.org\/{rel}","templated":true}]}}