{"id":2107,"date":"2018-12-22T10:50:42","date_gmt":"2018-12-22T09:50:42","guid":{"rendered":"http:\/\/agora.xtec.cat\/ceip-torre-llauder-mataro\/?p=2107"},"modified":"2018-12-22T10:50:42","modified_gmt":"2018-12-22T09:50:42","slug":"nadal-a-2n","status":"publish","type":"post","link":"https:\/\/agora.xtec.cat\/ceip-torre-llauder-mataro\/portada\/nadal-a-2n\/","title":{"rendered":"Nadal a 2n"},"content":{"rendered":"<p>Ahir el grup de les Llunes i les Estrelles ens ho vam passar d&#8217;all\u00f2 m\u00e9s b\u00e9!<\/p>\n<p>Vam fer cagar al Ti\u00f3, vam esmorzar xocolatada i coca, va venir el patge reial&#8230;<br \/>\nVa ser tot molt emocionant!<\/p>\n<p>Fes clic sobre la imatge i podreu veure fotos.<br \/>\nBon Nadal i Feli\u00e7 any nou 2019.<\/p>\n<p><a href=\"https:\/\/photos.google.com\/album\/AF1QipNGOTolhqV8I_Je_8Y0r1w7JCMeqGQy2qh2WDcF\"><img loading=\"lazy\" decoding=\"async\" class=\"alignnone size-full wp-image-2106\" src=\"https:\/\/agora.xtec.cat\/ceip-torre-llauder-mataro\/wp-content\/uploads\/usu1425\/2018\/12\/Sin-t\u00edtulo-1.jpg\" alt=\"\" width=\"600\" height=\"443\" srcset=\"https:\/\/agora.xtec.cat\/ceip-torre-llauder-mataro\/wp-content\/uploads\/usu1425\/2018\/12\/Sin-t\u00edtulo-1.jpg 600w, https:\/\/agora.xtec.cat\/ceip-torre-llauder-mataro\/wp-content\/uploads\/usu1425\/2018\/12\/Sin-t\u00edtulo-1-300x222.jpg 300w\" sizes=\"auto, (max-width: 600px) 100vw, 600px\" \/><\/a><\/p>\n","protected":false},"excerpt":{"rendered":"<p>Ahir el grup de les Llunes i les Estrelles ens ho vam passar d&#8217;all\u00f2 m\u00e9s b\u00e9!<br \/>\nVam fer cagar al Ti\u00f3, vam esmorzar xocolatada i coca, va venir el patge reial&#8230;<br \/>\nVa ser tot molt emocionant!<br \/>\nFes clic sobre la imatge i podreu veure fotos.<br \/>\nBon Nadal i Feli\u00e7&hellip;  <a href=\"https:\/\/agora.xtec.cat\/ceip-torre-llauder-mataro\/portada\/nadal-a-2n\/\" title=\"Read Nadal a 2n\">Llegeix m\u00e9s\u00bb<\/a><\/p>\n","protected":false},"author":1,"featured_media":0,"comment_status":"open","ping_status":"closed","sticky":false,"template":"","format":"standard","meta":{"_bbp_topic_count":0,"_bbp_reply_count":0,"_bbp_total_topic_count":0,"_bbp_total_reply_count":0,"_bbp_voice_count":0,"_bbp_anonymous_reply_count":0,"_bbp_topic_count_hidden":0,"_bbp_reply_count_hidden":0,"_bbp_forum_subforum_count":0,"footnotes":""},"categories":[10,4,5],"tags":[],"class_list":["post-2107","post","type-post","status-publish","format-standard","hentry","category-2n","category-portada","category-primaria"],"post_mailing_queue_ids":[],"_links":{"self":[{"href":"https:\/\/agora.xtec.cat\/ceip-torre-llauder-mataro\/wp-json\/wp\/v2\/posts\/2107","targetHints":{"allow":["GET"]}}],"collection":[{"href":"https:\/\/agora.xtec.cat\/ceip-torre-llauder-mataro\/wp-json\/wp\/v2\/posts"}],"about":[{"href":"https:\/\/agora.xtec.cat\/ceip-torre-llauder-mataro\/wp-json\/wp\/v2\/types\/post"}],"author":[{"embeddable":true,"href":"https:\/\/agora.xtec.cat\/ceip-torre-llauder-mataro\/wp-json\/wp\/v2\/users\/1"}],"replies":[{"embeddable":true,"href":"https:\/\/agora.xtec.cat\/ceip-torre-llauder-mataro\/wp-json\/wp\/v2\/comments?post=2107"}],"version-history":[{"count":1,"href":"https:\/\/agora.xtec.cat\/ceip-torre-llauder-mataro\/wp-json\/wp\/v2\/posts\/2107\/revisions"}],"predecessor-version":[{"id":2108,"href":"https:\/\/agora.xtec.cat\/ceip-torre-llauder-mataro\/wp-json\/wp\/v2\/posts\/2107\/revisions\/2108"}],"wp:attachment":[{"href":"https:\/\/agora.xtec.cat\/ceip-torre-llauder-mataro\/wp-json\/wp\/v2\/media?parent=2107"}],"wp:term":[{"taxonomy":"category","embeddable":true,"href":"https:\/\/agora.xtec.cat\/ceip-torre-llauder-mataro\/wp-json\/wp\/v2\/categories?post=2107"},{"taxonomy":"post_tag","embeddable":true,"href":"https:\/\/agora.xtec.cat\/ceip-torre-llauder-mataro\/wp-json\/wp\/v2\/tags?post=2107"}],"curies":[{"name":"wp","href":"https:\/\/api.w.org\/{rel}","templated":true}]}}