{"id":2103,"date":"2018-12-21T21:44:59","date_gmt":"2018-12-21T20:44:59","guid":{"rendered":"http:\/\/agora.xtec.cat\/ceip-torre-llauder-mataro\/?p=2103"},"modified":"2018-12-21T21:45:54","modified_gmt":"2018-12-21T20:45:54","slug":"nadal-a-1r","status":"publish","type":"post","link":"https:\/\/agora.xtec.cat\/ceip-torre-llauder-mataro\/general\/nadal-a-1r\/","title":{"rendered":"Nadal a 1r"},"content":{"rendered":"<p>V\u00eddeo que recull les \u00faltimes setmanes i celebracions de Nadal durant aquest m\u00e9s de desembre. Feu clic sobre la imatge.<br \/>\nAprofito per desitjar-vos a tots i a totes un molt bon Nadal i feli\u00e7 any nou 2019.<br \/>\nEns veiem l&#8217;any que ve!!<\/p>\n<p>Claudia P.<\/p>\n<p><a href=\"https:\/\/photos.google.com\/share\/AF1QipOldgvCArx4ClYoDkXa800HY-uJPTbo9nanKJ6_osOIawJfvQEzQ9rF5Wo1jHwscw\/photo\/AF1QipMBs5mWaGGfhqPEuYuLbXJcdaYtfHU6oHnNNJjN?key=Tk9CNm5rT09BaXpzUUVKazRDVFNRVWtVLUJVUkNn\"><img loading=\"lazy\" decoding=\"async\" class=\"alignnone size-large wp-image-2104\" src=\"https:\/\/agora.xtec.cat\/ceip-torre-llauder-mataro\/wp-content\/uploads\/usu1425\/2018\/12\/1-PORTADA-Large-1024x576.jpg\" alt=\"\" width=\"1024\" height=\"576\" srcset=\"https:\/\/agora.xtec.cat\/ceip-torre-llauder-mataro\/wp-content\/uploads\/usu1425\/2018\/12\/1-PORTADA-Large-1024x576.jpg 1024w, https:\/\/agora.xtec.cat\/ceip-torre-llauder-mataro\/wp-content\/uploads\/usu1425\/2018\/12\/1-PORTADA-Large-300x169.jpg 300w, https:\/\/agora.xtec.cat\/ceip-torre-llauder-mataro\/wp-content\/uploads\/usu1425\/2018\/12\/1-PORTADA-Large-768x432.jpg 768w, https:\/\/agora.xtec.cat\/ceip-torre-llauder-mataro\/wp-content\/uploads\/usu1425\/2018\/12\/1-PORTADA-Large.jpg 1920w\" sizes=\"auto, (max-width: 1024px) 100vw, 1024px\" \/><\/a><\/p>\n","protected":false},"excerpt":{"rendered":"<p>V\u00eddeo que recull les \u00faltimes setmanes i celebracions de Nadal durant aquest m\u00e9s de desembre. Feu clic sobre la imatge.<br \/>\nAprofito per desitjar-vos a tots i a totes un molt bon Nadal i feli\u00e7 any nou 2019.<br \/>\nEns veiem l&#8217;any que ve!!<br \/>\nClaudia P.<br \/>\n<a href=\"https:\/\/photos.google.com\/share\/AF1QipOldgvCArx4ClYoDkXa800HY-uJPTbo9nanKJ6_osOIawJfvQEzQ9rF5Wo1jHwscw\/photo\/AF1QipMBs5mWaGGfhqPEuYuLbXJcdaYtfHU6oHnNNJjN?key=Tk9CNm5rT09BaXpzUUVKazRDVFNRVWtVLUJVUkNn\"><\/a><\/p>\n","protected":false},"author":1,"featured_media":0,"comment_status":"open","ping_status":"closed","sticky":false,"template":"","format":"standard","meta":{"_bbp_topic_count":0,"_bbp_reply_count":0,"_bbp_total_topic_count":0,"_bbp_total_reply_count":0,"_bbp_voice_count":0,"_bbp_anonymous_reply_count":0,"_bbp_topic_count_hidden":0,"_bbp_reply_count_hidden":0,"_bbp_forum_subforum_count":0,"footnotes":""},"categories":[9,1,4,5],"tags":[],"class_list":["post-2103","post","type-post","status-publish","format-standard","hentry","category-1r","category-general","category-portada","category-primaria"],"post_mailing_queue_ids":[],"_links":{"self":[{"href":"https:\/\/agora.xtec.cat\/ceip-torre-llauder-mataro\/wp-json\/wp\/v2\/posts\/2103","targetHints":{"allow":["GET"]}}],"collection":[{"href":"https:\/\/agora.xtec.cat\/ceip-torre-llauder-mataro\/wp-json\/wp\/v2\/posts"}],"about":[{"href":"https:\/\/agora.xtec.cat\/ceip-torre-llauder-mataro\/wp-json\/wp\/v2\/types\/post"}],"author":[{"embeddable":true,"href":"https:\/\/agora.xtec.cat\/ceip-torre-llauder-mataro\/wp-json\/wp\/v2\/users\/1"}],"replies":[{"embeddable":true,"href":"https:\/\/agora.xtec.cat\/ceip-torre-llauder-mataro\/wp-json\/wp\/v2\/comments?post=2103"}],"version-history":[{"count":1,"href":"https:\/\/agora.xtec.cat\/ceip-torre-llauder-mataro\/wp-json\/wp\/v2\/posts\/2103\/revisions"}],"predecessor-version":[{"id":2105,"href":"https:\/\/agora.xtec.cat\/ceip-torre-llauder-mataro\/wp-json\/wp\/v2\/posts\/2103\/revisions\/2105"}],"wp:attachment":[{"href":"https:\/\/agora.xtec.cat\/ceip-torre-llauder-mataro\/wp-json\/wp\/v2\/media?parent=2103"}],"wp:term":[{"taxonomy":"category","embeddable":true,"href":"https:\/\/agora.xtec.cat\/ceip-torre-llauder-mataro\/wp-json\/wp\/v2\/categories?post=2103"},{"taxonomy":"post_tag","embeddable":true,"href":"https:\/\/agora.xtec.cat\/ceip-torre-llauder-mataro\/wp-json\/wp\/v2\/tags?post=2103"}],"curies":[{"name":"wp","href":"https:\/\/api.w.org\/{rel}","templated":true}]}}