{"id":2099,"date":"2018-12-21T12:55:24","date_gmt":"2018-12-21T11:55:24","guid":{"rendered":"http:\/\/agora.xtec.cat\/ceip-torre-llauder-mataro\/?p=2099"},"modified":"2019-01-11T10:21:54","modified_gmt":"2019-01-11T09:21:54","slug":"nadal-a-lescola","status":"publish","type":"post","link":"https:\/\/agora.xtec.cat\/ceip-torre-llauder-mataro\/general\/nadal-a-lescola\/","title":{"rendered":"Nadal a l&#8217;escola"},"content":{"rendered":"<p>I, gaireb\u00e9 sense haver-nos adonat, tenim tenim aqu\u00ed les festes de Nadal. Aquests darrers dies del trimestre hem fet moltes activitats especials. Aqu\u00ed teniu un recull de fotos i v\u00eddeos d&#8217;algunes d&#8217;elles.<\/p>\n<p><a href=\"https:\/\/photos.app.goo.gl\/Gc3fArYYSfmEgJn39\" target=\"_blank\" rel=\"noopener\">Concert Cicle Mitj\u00e0 i Superior<\/a><\/p>\n<p><a href=\"https:\/\/photos.app.goo.gl\/r9yjruEGAurU2pxE9\" target=\"_blank\" rel=\"noopener\">Concert Educaci\u00f3 Infantil i Cicle Inicial<\/a><\/p>\n<p>\u00daltim dia de trimestre<\/p>\n<p>&nbsp;<\/p>\n","protected":false},"excerpt":{"rendered":"<p>I, gaireb\u00e9 sense haver-nos adonat, tenim tenim aqu\u00ed les festes de Nadal. Aquests darrers dies del trimestre hem fet moltes activitats especials. Aqu\u00ed teniu un recull de fotos i v\u00eddeos d&#8217;algunes d&#8217;elles.<br \/>\n<a href=\"https:\/\/photos.app.goo.gl\/Gc3fArYYSfmEgJn39\" target=\"_blank\" rel=\"noopener\">Concert Cicle Mitj\u00e0 i Superior<\/a><br \/>\n<a href=\"https:\/\/photos.app.goo.gl\/r9yjruEGAurU2pxE9\" target=\"_blank\" rel=\"noopener\">Concert Educaci\u00f3 Infantil i&hellip;  <a href=\"https:\/\/agora.xtec.cat\/ceip-torre-llauder-mataro\/general\/nadal-a-lescola\/\" title=\"Read Nadal a l&#8217;escola\">Llegeix m\u00e9s\u00bb<\/a><\/p>\n","protected":false},"author":1,"featured_media":0,"comment_status":"open","ping_status":"closed","sticky":false,"template":"","format":"standard","meta":{"_bbp_topic_count":0,"_bbp_reply_count":0,"_bbp_total_topic_count":0,"_bbp_total_reply_count":0,"_bbp_voice_count":0,"_bbp_anonymous_reply_count":0,"_bbp_topic_count_hidden":0,"_bbp_reply_count_hidden":0,"_bbp_forum_subforum_count":0,"footnotes":""},"categories":[1,4],"tags":[],"class_list":["post-2099","post","type-post","status-publish","format-standard","hentry","category-general","category-portada"],"post_mailing_queue_ids":[],"_links":{"self":[{"href":"https:\/\/agora.xtec.cat\/ceip-torre-llauder-mataro\/wp-json\/wp\/v2\/posts\/2099","targetHints":{"allow":["GET"]}}],"collection":[{"href":"https:\/\/agora.xtec.cat\/ceip-torre-llauder-mataro\/wp-json\/wp\/v2\/posts"}],"about":[{"href":"https:\/\/agora.xtec.cat\/ceip-torre-llauder-mataro\/wp-json\/wp\/v2\/types\/post"}],"author":[{"embeddable":true,"href":"https:\/\/agora.xtec.cat\/ceip-torre-llauder-mataro\/wp-json\/wp\/v2\/users\/1"}],"replies":[{"embeddable":true,"href":"https:\/\/agora.xtec.cat\/ceip-torre-llauder-mataro\/wp-json\/wp\/v2\/comments?post=2099"}],"version-history":[{"count":2,"href":"https:\/\/agora.xtec.cat\/ceip-torre-llauder-mataro\/wp-json\/wp\/v2\/posts\/2099\/revisions"}],"predecessor-version":[{"id":2102,"href":"https:\/\/agora.xtec.cat\/ceip-torre-llauder-mataro\/wp-json\/wp\/v2\/posts\/2099\/revisions\/2102"}],"wp:attachment":[{"href":"https:\/\/agora.xtec.cat\/ceip-torre-llauder-mataro\/wp-json\/wp\/v2\/media?parent=2099"}],"wp:term":[{"taxonomy":"category","embeddable":true,"href":"https:\/\/agora.xtec.cat\/ceip-torre-llauder-mataro\/wp-json\/wp\/v2\/categories?post=2099"},{"taxonomy":"post_tag","embeddable":true,"href":"https:\/\/agora.xtec.cat\/ceip-torre-llauder-mataro\/wp-json\/wp\/v2\/tags?post=2099"}],"curies":[{"name":"wp","href":"https:\/\/api.w.org\/{rel}","templated":true}]}}