{"id":2086,"date":"2018-12-11T22:39:54","date_gmt":"2018-12-11T21:39:54","guid":{"rendered":"http:\/\/agora.xtec.cat\/ceip-torre-llauder-mataro\/?p=2086"},"modified":"2018-12-11T22:44:46","modified_gmt":"2018-12-11T21:44:46","slug":"activitats-internivells-a-leducacio-infantil","status":"publish","type":"post","link":"https:\/\/agora.xtec.cat\/ceip-torre-llauder-mataro\/infantil\/activitats-internivells-a-leducacio-infantil\/","title":{"rendered":"ACTIVITATS INTERNIVELLS A L&#8217;EDUCACI\u00d3 INFANTIL"},"content":{"rendered":"<p>Hola, fam\u00edlies!! Ben a prop del final del primer trimestre us mostrem les fotos de les \u00faltimes sessions de joc simb\u00f2lic i tallers de pl\u00e0stica realitzats en petit grup d&#8217;infants de P3, P4 i P5, on podreu veure als nens i nenes compartint, jugant, creant, aprenent i ajudant-se els una als altres.<\/p>\n<p><a href=\"https:\/\/photos.app.goo.gl\/PsNguBrPX63KRC8n7\">JOC SIMB\u00d2LIC 30nov18<\/a><\/p>\n<p><a href=\"https:\/\/photos.app.goo.gl\/iTPyvbBHyrYmvcf48\">TALLERS DE PL\u00c0STICA<\/a><\/p>\n<p>&nbsp;<\/p>\n","protected":false},"excerpt":{"rendered":"<p>Hola, fam\u00edlies!! Ben a prop del final del primer trimestre us mostrem les fotos de les \u00faltimes sessions de joc simb\u00f2lic i tallers de pl\u00e0stica realitzats en petit grup d&#8217;infants de P3, P4 i P5, on podreu veure als nens i nenes compartint, jugant, creant,&hellip;  <a href=\"https:\/\/agora.xtec.cat\/ceip-torre-llauder-mataro\/infantil\/activitats-internivells-a-leducacio-infantil\/\" title=\"Read ACTIVITATS INTERNIVELLS A L&#8217;EDUCACI\u00d3 INFANTIL\">Llegeix m\u00e9s\u00bb<\/a><\/p>\n","protected":false},"author":21,"featured_media":0,"comment_status":"open","ping_status":"closed","sticky":false,"template":"","format":"standard","meta":{"_bbp_topic_count":0,"_bbp_reply_count":0,"_bbp_total_topic_count":0,"_bbp_total_reply_count":0,"_bbp_voice_count":0,"_bbp_anonymous_reply_count":0,"_bbp_topic_count_hidden":0,"_bbp_reply_count_hidden":0,"_bbp_forum_subforum_count":0,"footnotes":""},"categories":[83,3,8,2],"tags":[],"class_list":["post-2086","post","type-post","status-publish","format-standard","hentry","category-i3","category-i4","category-i5","category-infantil"],"post_mailing_queue_ids":[],"_links":{"self":[{"href":"https:\/\/agora.xtec.cat\/ceip-torre-llauder-mataro\/wp-json\/wp\/v2\/posts\/2086","targetHints":{"allow":["GET"]}}],"collection":[{"href":"https:\/\/agora.xtec.cat\/ceip-torre-llauder-mataro\/wp-json\/wp\/v2\/posts"}],"about":[{"href":"https:\/\/agora.xtec.cat\/ceip-torre-llauder-mataro\/wp-json\/wp\/v2\/types\/post"}],"author":[{"embeddable":true,"href":"https:\/\/agora.xtec.cat\/ceip-torre-llauder-mataro\/wp-json\/wp\/v2\/users\/21"}],"replies":[{"embeddable":true,"href":"https:\/\/agora.xtec.cat\/ceip-torre-llauder-mataro\/wp-json\/wp\/v2\/comments?post=2086"}],"version-history":[{"count":2,"href":"https:\/\/agora.xtec.cat\/ceip-torre-llauder-mataro\/wp-json\/wp\/v2\/posts\/2086\/revisions"}],"predecessor-version":[{"id":2088,"href":"https:\/\/agora.xtec.cat\/ceip-torre-llauder-mataro\/wp-json\/wp\/v2\/posts\/2086\/revisions\/2088"}],"wp:attachment":[{"href":"https:\/\/agora.xtec.cat\/ceip-torre-llauder-mataro\/wp-json\/wp\/v2\/media?parent=2086"}],"wp:term":[{"taxonomy":"category","embeddable":true,"href":"https:\/\/agora.xtec.cat\/ceip-torre-llauder-mataro\/wp-json\/wp\/v2\/categories?post=2086"},{"taxonomy":"post_tag","embeddable":true,"href":"https:\/\/agora.xtec.cat\/ceip-torre-llauder-mataro\/wp-json\/wp\/v2\/tags?post=2086"}],"curies":[{"name":"wp","href":"https:\/\/api.w.org\/{rel}","templated":true}]}}