{"id":2049,"date":"2018-11-27T14:40:45","date_gmt":"2018-11-27T13:40:45","guid":{"rendered":"http:\/\/agora.xtec.cat\/ceip-torre-llauder-mataro\/?p=2049"},"modified":"2018-11-27T14:40:45","modified_gmt":"2018-11-27T13:40:45","slug":"fem-suc-de-raim","status":"publish","type":"post","link":"https:\/\/agora.xtec.cat\/ceip-torre-llauder-mataro\/infantil\/fem-suc-de-raim\/","title":{"rendered":"Fem suc de ra\u00efm"},"content":{"rendered":"<p>Aquesta setmana a experimentaci\u00f3 hem fet suc de ra\u00efm.\u00a0 Aquesta activitat l&#8217;hem dut a terme per parelles. L&#8217;activitat consistia en apretar ben fort la bossa perqu\u00e8 surt\u00eds el suc. Seguidament l&#8217;hem colat i l&#8217;hem tastat. Estava&#8230;.bon\u00edssim!!!!<\/p>\n<p><a href=\"https:\/\/photos.app.goo.gl\/6xmpjUV8Q4bANFhR9\">Fotos suc de ra\u00efm<\/a><\/p>\n","protected":false},"excerpt":{"rendered":"<p>Aquesta setmana a experimentaci\u00f3 hem fet suc de ra\u00efm.\u00a0 Aquesta activitat l&#8217;hem dut a terme per parelles. L&#8217;activitat consistia en apretar ben fort la bossa perqu\u00e8 surt\u00eds el suc. Seguidament l&#8217;hem colat i l&#8217;hem tastat. Estava&#8230;.bon\u00edssim!!!!<br \/>\n<a href=\"https:\/\/photos.app.goo.gl\/6xmpjUV8Q4bANFhR9\">Fotos suc de ra\u00efm<\/a><\/p>\n","protected":false},"author":10,"featured_media":0,"comment_status":"open","ping_status":"closed","sticky":false,"template":"","format":"standard","meta":{"_bbp_topic_count":0,"_bbp_reply_count":0,"_bbp_total_topic_count":0,"_bbp_total_reply_count":0,"_bbp_voice_count":0,"_bbp_anonymous_reply_count":0,"_bbp_topic_count_hidden":0,"_bbp_reply_count_hidden":0,"_bbp_forum_subforum_count":0,"footnotes":""},"categories":[83,2],"tags":[],"class_list":["post-2049","post","type-post","status-publish","format-standard","hentry","category-i3","category-infantil"],"post_mailing_queue_ids":[],"_links":{"self":[{"href":"https:\/\/agora.xtec.cat\/ceip-torre-llauder-mataro\/wp-json\/wp\/v2\/posts\/2049","targetHints":{"allow":["GET"]}}],"collection":[{"href":"https:\/\/agora.xtec.cat\/ceip-torre-llauder-mataro\/wp-json\/wp\/v2\/posts"}],"about":[{"href":"https:\/\/agora.xtec.cat\/ceip-torre-llauder-mataro\/wp-json\/wp\/v2\/types\/post"}],"author":[{"embeddable":true,"href":"https:\/\/agora.xtec.cat\/ceip-torre-llauder-mataro\/wp-json\/wp\/v2\/users\/10"}],"replies":[{"embeddable":true,"href":"https:\/\/agora.xtec.cat\/ceip-torre-llauder-mataro\/wp-json\/wp\/v2\/comments?post=2049"}],"version-history":[{"count":1,"href":"https:\/\/agora.xtec.cat\/ceip-torre-llauder-mataro\/wp-json\/wp\/v2\/posts\/2049\/revisions"}],"predecessor-version":[{"id":2050,"href":"https:\/\/agora.xtec.cat\/ceip-torre-llauder-mataro\/wp-json\/wp\/v2\/posts\/2049\/revisions\/2050"}],"wp:attachment":[{"href":"https:\/\/agora.xtec.cat\/ceip-torre-llauder-mataro\/wp-json\/wp\/v2\/media?parent=2049"}],"wp:term":[{"taxonomy":"category","embeddable":true,"href":"https:\/\/agora.xtec.cat\/ceip-torre-llauder-mataro\/wp-json\/wp\/v2\/categories?post=2049"},{"taxonomy":"post_tag","embeddable":true,"href":"https:\/\/agora.xtec.cat\/ceip-torre-llauder-mataro\/wp-json\/wp\/v2\/tags?post=2049"}],"curies":[{"name":"wp","href":"https:\/\/api.w.org\/{rel}","templated":true}]}}