{"id":2046,"date":"2018-11-27T14:03:20","date_gmt":"2018-11-27T13:03:20","guid":{"rendered":"http:\/\/agora.xtec.cat\/ceip-torre-llauder-mataro\/?p=2046"},"modified":"2018-11-27T14:03:20","modified_gmt":"2018-11-27T13:03:20","slug":"apadrinament-lector-p3","status":"publish","type":"post","link":"https:\/\/agora.xtec.cat\/ceip-torre-llauder-mataro\/infantil\/apadrinament-lector-p3\/","title":{"rendered":"Apadrinament lector P3"},"content":{"rendered":"<p><strong>Avui els nens i nenes de P3 s&#8217;han iniciat en una activitat que durar\u00e0 al llarg de tota l&#8217;etapa infantil&#8230;.hem conegut el nostre padr\u00ed lector!\u00a0<\/strong><\/p>\n<p>A cada nen\/a se li ha assignat un nen\/a de 6\u00e8 de Prim\u00e0ria i han sortit al pati a mirar contes. Els padrins no nom\u00e9s ens explicaran contes, sin\u00f3 que ens acompanyaran en algunes sortides i en algunes activitays que necessitin ajuda.<\/p>\n<p><a href=\"https:\/\/photos.app.goo.gl\/g8MHiEpBtYnJdriq9\">Fotos apadrinament<\/a><\/p>\n<p><!--more--><\/p>\n","protected":false},"excerpt":{"rendered":"<p>Avui els nens i nenes de P3 s&#8217;han iniciat en una activitat que durar\u00e0 al llarg de tota l&#8217;etapa infantil&#8230;.hem conegut el nostre padr\u00ed lector!\u00a0<br \/>\nA cada nen\/a se li ha assignat un nen\/a de 6\u00e8 de Prim\u00e0ria i han sortit al pati a mirar contes.&hellip;  <a href=\"https:\/\/agora.xtec.cat\/ceip-torre-llauder-mataro\/infantil\/apadrinament-lector-p3\/\" title=\"Read Apadrinament lector P3\">Llegeix m\u00e9s\u00bb<\/a><\/p>\n","protected":false},"author":10,"featured_media":0,"comment_status":"open","ping_status":"closed","sticky":false,"template":"","format":"standard","meta":{"_bbp_topic_count":0,"_bbp_reply_count":0,"_bbp_total_topic_count":0,"_bbp_total_reply_count":0,"_bbp_voice_count":0,"_bbp_anonymous_reply_count":0,"_bbp_topic_count_hidden":0,"_bbp_reply_count_hidden":0,"_bbp_forum_subforum_count":0,"footnotes":""},"categories":[83,2],"tags":[],"class_list":["post-2046","post","type-post","status-publish","format-standard","hentry","category-i3","category-infantil"],"post_mailing_queue_ids":[],"_links":{"self":[{"href":"https:\/\/agora.xtec.cat\/ceip-torre-llauder-mataro\/wp-json\/wp\/v2\/posts\/2046","targetHints":{"allow":["GET"]}}],"collection":[{"href":"https:\/\/agora.xtec.cat\/ceip-torre-llauder-mataro\/wp-json\/wp\/v2\/posts"}],"about":[{"href":"https:\/\/agora.xtec.cat\/ceip-torre-llauder-mataro\/wp-json\/wp\/v2\/types\/post"}],"author":[{"embeddable":true,"href":"https:\/\/agora.xtec.cat\/ceip-torre-llauder-mataro\/wp-json\/wp\/v2\/users\/10"}],"replies":[{"embeddable":true,"href":"https:\/\/agora.xtec.cat\/ceip-torre-llauder-mataro\/wp-json\/wp\/v2\/comments?post=2046"}],"version-history":[{"count":1,"href":"https:\/\/agora.xtec.cat\/ceip-torre-llauder-mataro\/wp-json\/wp\/v2\/posts\/2046\/revisions"}],"predecessor-version":[{"id":2047,"href":"https:\/\/agora.xtec.cat\/ceip-torre-llauder-mataro\/wp-json\/wp\/v2\/posts\/2046\/revisions\/2047"}],"wp:attachment":[{"href":"https:\/\/agora.xtec.cat\/ceip-torre-llauder-mataro\/wp-json\/wp\/v2\/media?parent=2046"}],"wp:term":[{"taxonomy":"category","embeddable":true,"href":"https:\/\/agora.xtec.cat\/ceip-torre-llauder-mataro\/wp-json\/wp\/v2\/categories?post=2046"},{"taxonomy":"post_tag","embeddable":true,"href":"https:\/\/agora.xtec.cat\/ceip-torre-llauder-mataro\/wp-json\/wp\/v2\/tags?post=2046"}],"curies":[{"name":"wp","href":"https:\/\/api.w.org\/{rel}","templated":true}]}}