{"id":2019,"date":"2018-11-22T22:02:51","date_gmt":"2018-11-22T21:02:51","guid":{"rendered":"http:\/\/agora.xtec.cat\/ceip-torre-llauder-mataro\/?p=2019"},"modified":"2018-11-22T22:02:51","modified_gmt":"2018-11-22T21:02:51","slug":"p3-treball-del-numero-1","status":"publish","type":"post","link":"https:\/\/agora.xtec.cat\/ceip-torre-llauder-mataro\/infantil\/p3-treball-del-numero-1\/","title":{"rendered":"P3 TREBALL DEL N\u00daMERO 1"},"content":{"rendered":"<p>Introdu\u00efm el nombre 1 als nens i nenes de P3, tant com a nombre, com representaci\u00f3,\u00a0 com la quantitat i iniciem la grafia.<\/p>\n<p><a href=\"https:\/\/photos.app.goo.gl\/kMNg6gymWwBGDYEn6\">P3 el nombre 1<\/a><\/p>\n","protected":false},"excerpt":{"rendered":"<p>Introdu\u00efm el nombre 1 als nens i nenes de P3, tant com a nombre, com representaci\u00f3,\u00a0 com la quantitat i iniciem la grafia.<br \/>\n<a href=\"https:\/\/photos.app.goo.gl\/kMNg6gymWwBGDYEn6\">P3 el nombre 1<\/a><\/p>\n","protected":false},"author":21,"featured_media":0,"comment_status":"open","ping_status":"closed","sticky":false,"template":"","format":"standard","meta":{"_bbp_topic_count":0,"_bbp_reply_count":0,"_bbp_total_topic_count":0,"_bbp_total_reply_count":0,"_bbp_voice_count":0,"_bbp_anonymous_reply_count":0,"_bbp_topic_count_hidden":0,"_bbp_reply_count_hidden":0,"_bbp_forum_subforum_count":0,"footnotes":""},"categories":[83,2],"tags":[],"class_list":["post-2019","post","type-post","status-publish","format-standard","hentry","category-i3","category-infantil"],"post_mailing_queue_ids":[],"_links":{"self":[{"href":"https:\/\/agora.xtec.cat\/ceip-torre-llauder-mataro\/wp-json\/wp\/v2\/posts\/2019","targetHints":{"allow":["GET"]}}],"collection":[{"href":"https:\/\/agora.xtec.cat\/ceip-torre-llauder-mataro\/wp-json\/wp\/v2\/posts"}],"about":[{"href":"https:\/\/agora.xtec.cat\/ceip-torre-llauder-mataro\/wp-json\/wp\/v2\/types\/post"}],"author":[{"embeddable":true,"href":"https:\/\/agora.xtec.cat\/ceip-torre-llauder-mataro\/wp-json\/wp\/v2\/users\/21"}],"replies":[{"embeddable":true,"href":"https:\/\/agora.xtec.cat\/ceip-torre-llauder-mataro\/wp-json\/wp\/v2\/comments?post=2019"}],"version-history":[{"count":1,"href":"https:\/\/agora.xtec.cat\/ceip-torre-llauder-mataro\/wp-json\/wp\/v2\/posts\/2019\/revisions"}],"predecessor-version":[{"id":2020,"href":"https:\/\/agora.xtec.cat\/ceip-torre-llauder-mataro\/wp-json\/wp\/v2\/posts\/2019\/revisions\/2020"}],"wp:attachment":[{"href":"https:\/\/agora.xtec.cat\/ceip-torre-llauder-mataro\/wp-json\/wp\/v2\/media?parent=2019"}],"wp:term":[{"taxonomy":"category","embeddable":true,"href":"https:\/\/agora.xtec.cat\/ceip-torre-llauder-mataro\/wp-json\/wp\/v2\/categories?post=2019"},{"taxonomy":"post_tag","embeddable":true,"href":"https:\/\/agora.xtec.cat\/ceip-torre-llauder-mataro\/wp-json\/wp\/v2\/tags?post=2019"}],"curies":[{"name":"wp","href":"https:\/\/api.w.org\/{rel}","templated":true}]}}