{"id":2014,"date":"2018-11-20T19:29:16","date_gmt":"2018-11-20T18:29:16","guid":{"rendered":"http:\/\/agora.xtec.cat\/ceip-torre-llauder-mataro\/?p=2014"},"modified":"2018-11-20T19:29:16","modified_gmt":"2018-11-20T18:29:16","slug":"donacio-de-sang-2","status":"publish","type":"post","link":"https:\/\/agora.xtec.cat\/ceip-torre-llauder-mataro\/primaria\/5e\/donacio-de-sang-2\/","title":{"rendered":"Donaci\u00f3 de sang"},"content":{"rendered":"<p>Els alumnes de 5\u00e8 A i B de l&#8217;escola han estat treballant a l&#8217;aula per ajudar a dinamitzar la Campanya de Donaci\u00f3 de Sang que es va fer a l&#8217;escola el passat 13 de novembre. Van ser els encarregats d&#8217;informar a totes les fam\u00edlies de l&#8217;escola i els ve\u00efns del barri i d&#8217;aconseguir que vinguessin a l&#8217;escola molts donants. La campanya va ser tot un \u00e8xit i van aconseguir que 38 persones s&#8217;apropessin a donar sang, 18 dels quals eren nous donants!<\/p>\n<p>Moltes gr\u00e0cies a tots per la vostra col\u00b7laboraci\u00f3!<\/p>\n<p><a href=\"https:\/\/photos.app.goo.gl\/UfK9PWUnmXmUHMuY9\">https:\/\/photos.app.goo.gl\/UfK9PWUnmXmUHMuY9<\/a><\/p>\n","protected":false},"excerpt":{"rendered":"<p>Els alumnes de 5\u00e8 A i B de l&#8217;escola han estat treballant a l&#8217;aula per ajudar a dinamitzar la Campanya de Donaci\u00f3 de Sang que es va fer a l&#8217;escola el passat 13 de novembre. Van ser els encarregats d&#8217;informar a totes les fam\u00edlies de&hellip;  <a href=\"https:\/\/agora.xtec.cat\/ceip-torre-llauder-mataro\/primaria\/5e\/donacio-de-sang-2\/\" title=\"Read Donaci\u00f3 de sang\">Llegeix m\u00e9s\u00bb<\/a><\/p>\n","protected":false},"author":19,"featured_media":0,"comment_status":"open","ping_status":"closed","sticky":false,"template":"","format":"standard","meta":{"_bbp_topic_count":0,"_bbp_reply_count":0,"_bbp_total_topic_count":0,"_bbp_total_reply_count":0,"_bbp_voice_count":0,"_bbp_anonymous_reply_count":0,"_bbp_topic_count_hidden":0,"_bbp_reply_count_hidden":0,"_bbp_forum_subforum_count":0,"footnotes":""},"categories":[13],"tags":[],"class_list":["post-2014","post","type-post","status-publish","format-standard","hentry","category-5e"],"post_mailing_queue_ids":[],"_links":{"self":[{"href":"https:\/\/agora.xtec.cat\/ceip-torre-llauder-mataro\/wp-json\/wp\/v2\/posts\/2014","targetHints":{"allow":["GET"]}}],"collection":[{"href":"https:\/\/agora.xtec.cat\/ceip-torre-llauder-mataro\/wp-json\/wp\/v2\/posts"}],"about":[{"href":"https:\/\/agora.xtec.cat\/ceip-torre-llauder-mataro\/wp-json\/wp\/v2\/types\/post"}],"author":[{"embeddable":true,"href":"https:\/\/agora.xtec.cat\/ceip-torre-llauder-mataro\/wp-json\/wp\/v2\/users\/19"}],"replies":[{"embeddable":true,"href":"https:\/\/agora.xtec.cat\/ceip-torre-llauder-mataro\/wp-json\/wp\/v2\/comments?post=2014"}],"version-history":[{"count":1,"href":"https:\/\/agora.xtec.cat\/ceip-torre-llauder-mataro\/wp-json\/wp\/v2\/posts\/2014\/revisions"}],"predecessor-version":[{"id":2015,"href":"https:\/\/agora.xtec.cat\/ceip-torre-llauder-mataro\/wp-json\/wp\/v2\/posts\/2014\/revisions\/2015"}],"wp:attachment":[{"href":"https:\/\/agora.xtec.cat\/ceip-torre-llauder-mataro\/wp-json\/wp\/v2\/media?parent=2014"}],"wp:term":[{"taxonomy":"category","embeddable":true,"href":"https:\/\/agora.xtec.cat\/ceip-torre-llauder-mataro\/wp-json\/wp\/v2\/categories?post=2014"},{"taxonomy":"post_tag","embeddable":true,"href":"https:\/\/agora.xtec.cat\/ceip-torre-llauder-mataro\/wp-json\/wp\/v2\/tags?post=2014"}],"curies":[{"name":"wp","href":"https:\/\/api.w.org\/{rel}","templated":true}]}}