{"id":2002,"date":"2018-11-20T01:15:35","date_gmt":"2018-11-20T00:15:35","guid":{"rendered":"http:\/\/agora.xtec.cat\/ceip-torre-llauder-mataro\/?p=2002"},"modified":"2019-12-06T21:02:22","modified_gmt":"2019-12-06T20:02:22","slug":"els-alumnes-de-6e-realitzem-un-projecte-etwinning-en-angles","status":"publish","type":"post","link":"https:\/\/agora.xtec.cat\/ceip-torre-llauder-mataro\/general\/els-alumnes-de-6e-realitzem-un-projecte-etwinning-en-angles\/","title":{"rendered":"ELS ALUMNES DE 6\u00e8 REALITZEM UN PROJECTE eTWINNING EN ANGL\u00c8S"},"content":{"rendered":"<p><img loading=\"lazy\" decoding=\"async\" class=\"alignnone wp-image-2003 alignleft\" src=\"https:\/\/agora.xtec.cat\/ceip-torre-llauder-mataro\/wp-content\/uploads\/usu1425\/2018\/11\/logos-website-etwinning-torre-llauder.jpg\" alt=\"\" width=\"250\" height=\"198\" \/>Aquest trimestre, els alumnes de sis\u00e8 estem portant a terme un projecte eTwinning amb una escola grega de l&#8217;illa de Creta. El m\u00e9s important en aquest projecte \u00e9s la comunicaci\u00f3 en llengua anglesa entre els alumnes de les dues escoles. La primera activitat ha consistit en enviar-nos una carta tot donant informaci\u00f3 de nosaltres (aficions, mat\u00e8ria preferida, descripci\u00f3 f\u00edsica, etc..) i gravar-nos per penjar els enregistraments al web d&#8217;eTwinning que utilitzem per compartir tots els materials que estem elaborant (fotos, videos, presentacions,&#8230;).<\/p>\n<p>Aqu\u00ed teniu algunes fotos per veure com est\u00e0 anant aquest proc\u00e9s. Estem molt engrescats!<\/p>\n\n<p style=\"text-align: center;\"><strong>Acc\u00e9s a l&#8217;espai web de l&#8217;alumne\u00a0\u00a0<img loading=\"lazy\" decoding=\"async\" class=\"alignnone wp-image-2051\" src=\"https:\/\/agora.xtec.cat\/ceip-torre-llauder-mataro\/wp-content\/uploads\/usu1425\/2018\/11\/arrow-blue-outline-right.jpg\" alt=\"\" width=\"26\" height=\"20\" srcset=\"https:\/\/agora.xtec.cat\/ceip-torre-llauder-mataro\/wp-content\/uploads\/usu1425\/2018\/11\/arrow-blue-outline-right.jpg 350w, https:\/\/agora.xtec.cat\/ceip-torre-llauder-mataro\/wp-content\/uploads\/usu1425\/2018\/11\/arrow-blue-outline-right-300x231.jpg 300w, https:\/\/agora.xtec.cat\/ceip-torre-llauder-mataro\/wp-content\/uploads\/usu1425\/2018\/11\/arrow-blue-outline-right-200x150.jpg 200w\" sizes=\"auto, (max-width: 26px) 100vw, 26px\" \/>\u00a0 <a href=\"https:\/\/twinspace.etwinning.net\/unauthorized\" target=\"_blank\" rel=\"noopener noreferrer\"><img loading=\"lazy\" decoding=\"async\" class=\"alignnone wp-image-2052\" src=\"https:\/\/agora.xtec.cat\/ceip-torre-llauder-mataro\/wp-content\/uploads\/usu1425\/2018\/11\/twinspace.png\" alt=\"\" width=\"86\" height=\"50\" \/><\/a>\u00a0<\/strong><\/p>\n<p><iframe loading=\"lazy\" title=\"La colaboraci\u00f3n en eTwinning\" width=\"500\" height=\"281\" src=\"https:\/\/www.youtube.com\/embed\/ZwOEwSyTHt4?feature=oembed\" frameborder=\"0\" allow=\"accelerometer; autoplay; clipboard-write; encrypted-media; gyroscope; picture-in-picture; web-share\" referrerpolicy=\"strict-origin-when-cross-origin\" allowfullscreen><\/iframe><\/p>\n","protected":false},"excerpt":{"rendered":"<p>Aquest trimestre, els alumnes de sis\u00e8 estem portant a terme un projecte eTwinning amb una escola grega de l&#8217;illa de Creta. El m\u00e9s important en aquest projecte \u00e9s la comunicaci\u00f3 en llengua anglesa entre els alumnes de les dues escoles. La primera activitat ha consistit&hellip;  <a href=\"https:\/\/agora.xtec.cat\/ceip-torre-llauder-mataro\/general\/els-alumnes-de-6e-realitzem-un-projecte-etwinning-en-angles\/\" title=\"Read ELS ALUMNES DE 6\u00e8 REALITZEM UN PROJECTE eTWINNING EN ANGL\u00c8S\">Llegeix m\u00e9s\u00bb<\/a><\/p>\n","protected":false},"author":28,"featured_media":0,"comment_status":"open","ping_status":"closed","sticky":false,"template":"","format":"standard","meta":{"_bbp_topic_count":0,"_bbp_reply_count":0,"_bbp_total_topic_count":0,"_bbp_total_reply_count":0,"_bbp_voice_count":0,"_bbp_anonymous_reply_count":0,"_bbp_topic_count_hidden":0,"_bbp_reply_count_hidden":0,"_bbp_forum_subforum_count":0,"footnotes":""},"categories":[14,1,4,5],"tags":[84,106],"class_list":["post-2002","post","type-post","status-publish","format-standard","hentry","category-6e","category-general","category-portada","category-primaria","tag-english","tag-etwinning"],"post_mailing_queue_ids":[],"_links":{"self":[{"href":"https:\/\/agora.xtec.cat\/ceip-torre-llauder-mataro\/wp-json\/wp\/v2\/posts\/2002","targetHints":{"allow":["GET"]}}],"collection":[{"href":"https:\/\/agora.xtec.cat\/ceip-torre-llauder-mataro\/wp-json\/wp\/v2\/posts"}],"about":[{"href":"https:\/\/agora.xtec.cat\/ceip-torre-llauder-mataro\/wp-json\/wp\/v2\/types\/post"}],"author":[{"embeddable":true,"href":"https:\/\/agora.xtec.cat\/ceip-torre-llauder-mataro\/wp-json\/wp\/v2\/users\/28"}],"replies":[{"embeddable":true,"href":"https:\/\/agora.xtec.cat\/ceip-torre-llauder-mataro\/wp-json\/wp\/v2\/comments?post=2002"}],"version-history":[{"count":4,"href":"https:\/\/agora.xtec.cat\/ceip-torre-llauder-mataro\/wp-json\/wp\/v2\/posts\/2002\/revisions"}],"predecessor-version":[{"id":2788,"href":"https:\/\/agora.xtec.cat\/ceip-torre-llauder-mataro\/wp-json\/wp\/v2\/posts\/2002\/revisions\/2788"}],"wp:attachment":[{"href":"https:\/\/agora.xtec.cat\/ceip-torre-llauder-mataro\/wp-json\/wp\/v2\/media?parent=2002"}],"wp:term":[{"taxonomy":"category","embeddable":true,"href":"https:\/\/agora.xtec.cat\/ceip-torre-llauder-mataro\/wp-json\/wp\/v2\/categories?post=2002"},{"taxonomy":"post_tag","embeddable":true,"href":"https:\/\/agora.xtec.cat\/ceip-torre-llauder-mataro\/wp-json\/wp\/v2\/tags?post=2002"}],"curies":[{"name":"wp","href":"https:\/\/api.w.org\/{rel}","templated":true}]}}