{"id":1985,"date":"2018-11-12T20:00:31","date_gmt":"2018-11-12T19:00:31","guid":{"rendered":"http:\/\/agora.xtec.cat\/ceip-torre-llauder-mataro\/?p=1985"},"modified":"2018-11-12T20:00:31","modified_gmt":"2018-11-12T19:00:31","slug":"p4-fem-seriacions","status":"publish","type":"post","link":"https:\/\/agora.xtec.cat\/ceip-torre-llauder-mataro\/infantil\/p4-fem-seriacions\/","title":{"rendered":"P4 fem seriacions"},"content":{"rendered":"<p>Al desdoblament d&#8217;aquesta setmana hem practicat les seriacions que ajuden al desenvolupament logico-matem\u00e0tic dels nens i nenes. De 2 o 3 elements, \u00e9s jugant i experimentant que aprenen,\u00a0 cadasc\u00fa al seu ritme i all\u00f2 important \u00e9s que vagin millorant respecte a ells\/elles mateixos.<\/p>\n<p><a href=\"https:\/\/photos.app.goo.gl\/iKuAfG7C5reNgDQFA\">SERIACIONS P4<\/a><\/p>\n","protected":false},"excerpt":{"rendered":"<p>Al desdoblament d&#8217;aquesta setmana hem practicat les seriacions que ajuden al desenvolupament logico-matem\u00e0tic dels nens i nenes. De 2 o 3 elements, \u00e9s jugant i experimentant que aprenen,\u00a0 cadasc\u00fa al seu ritme i all\u00f2 important \u00e9s que vagin millorant respecte a ells\/elles mateixos.<br \/>\n<a href=\"https:\/\/photos.app.goo.gl\/iKuAfG7C5reNgDQFA\">SERIACIONS P4<\/a><\/p>\n","protected":false},"author":21,"featured_media":0,"comment_status":"open","ping_status":"closed","sticky":false,"template":"","format":"standard","meta":{"_bbp_topic_count":0,"_bbp_reply_count":0,"_bbp_total_topic_count":0,"_bbp_total_reply_count":0,"_bbp_voice_count":0,"_bbp_anonymous_reply_count":0,"_bbp_topic_count_hidden":0,"_bbp_reply_count_hidden":0,"_bbp_forum_subforum_count":0,"footnotes":""},"categories":[3,2],"tags":[],"class_list":["post-1985","post","type-post","status-publish","format-standard","hentry","category-i4","category-infantil"],"post_mailing_queue_ids":[],"_links":{"self":[{"href":"https:\/\/agora.xtec.cat\/ceip-torre-llauder-mataro\/wp-json\/wp\/v2\/posts\/1985","targetHints":{"allow":["GET"]}}],"collection":[{"href":"https:\/\/agora.xtec.cat\/ceip-torre-llauder-mataro\/wp-json\/wp\/v2\/posts"}],"about":[{"href":"https:\/\/agora.xtec.cat\/ceip-torre-llauder-mataro\/wp-json\/wp\/v2\/types\/post"}],"author":[{"embeddable":true,"href":"https:\/\/agora.xtec.cat\/ceip-torre-llauder-mataro\/wp-json\/wp\/v2\/users\/21"}],"replies":[{"embeddable":true,"href":"https:\/\/agora.xtec.cat\/ceip-torre-llauder-mataro\/wp-json\/wp\/v2\/comments?post=1985"}],"version-history":[{"count":1,"href":"https:\/\/agora.xtec.cat\/ceip-torre-llauder-mataro\/wp-json\/wp\/v2\/posts\/1985\/revisions"}],"predecessor-version":[{"id":1986,"href":"https:\/\/agora.xtec.cat\/ceip-torre-llauder-mataro\/wp-json\/wp\/v2\/posts\/1985\/revisions\/1986"}],"wp:attachment":[{"href":"https:\/\/agora.xtec.cat\/ceip-torre-llauder-mataro\/wp-json\/wp\/v2\/media?parent=1985"}],"wp:term":[{"taxonomy":"category","embeddable":true,"href":"https:\/\/agora.xtec.cat\/ceip-torre-llauder-mataro\/wp-json\/wp\/v2\/categories?post=1985"},{"taxonomy":"post_tag","embeddable":true,"href":"https:\/\/agora.xtec.cat\/ceip-torre-llauder-mataro\/wp-json\/wp\/v2\/tags?post=1985"}],"curies":[{"name":"wp","href":"https:\/\/api.w.org\/{rel}","templated":true}]}}