{"id":1909,"date":"2018-10-26T18:23:14","date_gmt":"2018-10-26T16:23:14","guid":{"rendered":"http:\/\/agora.xtec.cat\/ceip-torre-llauder-mataro\/?p=1909"},"modified":"2018-10-26T18:23:14","modified_gmt":"2018-10-26T16:23:14","slug":"castanyada-2018","status":"publish","type":"post","link":"https:\/\/agora.xtec.cat\/ceip-torre-llauder-mataro\/general\/castanyada-2018\/","title":{"rendered":"Castanyada 2018"},"content":{"rendered":"<p>Avui hem celebrat la festa de la Castanyada. La meteorologia ens ha perm\u00e8s fer-la tots junts al pati de l&#8217;escola.<\/p>\n<p>Hem menjat unes castanyes bon\u00edssimes que ens han preparat un grup de fam\u00edlies organitzades des de l&#8217;AMPA, hem sentit i vist el conte de la castanyera (tot i els problemes t\u00e8cnics) que ha representat P5, hem cantat i hem ballat.<\/p>\n<p>Moltes gr\u00e0cies a tots per fer possible aquesta festa!!!<\/p>\n<p><a href=\"https:\/\/photos.app.goo.gl\/gzhWJDMmRJHQiQ7a6\" target=\"_blank\" rel=\"noopener\">Fotos i v\u00eddeos EI<\/a><\/p>\n<p><a href=\"https:\/\/photos.app.goo.gl\/Mx3nho5nnuuMRKcJ9\" target=\"_blank\" rel=\"noopener\">Fotos i v\u00eddeos EP<\/a><\/p>\n<p>&nbsp;<\/p>\n","protected":false},"excerpt":{"rendered":"<p>Avui hem celebrat la festa de la Castanyada. La meteorologia ens ha perm\u00e8s fer-la tots junts al pati de l&#8217;escola.<br \/>\nHem menjat unes castanyes bon\u00edssimes que ens han preparat un grup de fam\u00edlies organitzades des de l&#8217;AMPA, hem sentit i vist el conte de la castanyera&hellip;  <a href=\"https:\/\/agora.xtec.cat\/ceip-torre-llauder-mataro\/general\/castanyada-2018\/\" title=\"Read Castanyada 2018\">Llegeix m\u00e9s\u00bb<\/a><\/p>\n","protected":false},"author":1,"featured_media":0,"comment_status":"open","ping_status":"closed","sticky":false,"template":"","format":"standard","meta":{"_bbp_topic_count":0,"_bbp_reply_count":0,"_bbp_total_topic_count":0,"_bbp_total_reply_count":0,"_bbp_voice_count":0,"_bbp_anonymous_reply_count":0,"_bbp_topic_count_hidden":0,"_bbp_reply_count_hidden":0,"_bbp_forum_subforum_count":0,"footnotes":""},"categories":[1,2,4,5],"tags":[],"class_list":["post-1909","post","type-post","status-publish","format-standard","hentry","category-general","category-infantil","category-portada","category-primaria"],"post_mailing_queue_ids":[],"_links":{"self":[{"href":"https:\/\/agora.xtec.cat\/ceip-torre-llauder-mataro\/wp-json\/wp\/v2\/posts\/1909","targetHints":{"allow":["GET"]}}],"collection":[{"href":"https:\/\/agora.xtec.cat\/ceip-torre-llauder-mataro\/wp-json\/wp\/v2\/posts"}],"about":[{"href":"https:\/\/agora.xtec.cat\/ceip-torre-llauder-mataro\/wp-json\/wp\/v2\/types\/post"}],"author":[{"embeddable":true,"href":"https:\/\/agora.xtec.cat\/ceip-torre-llauder-mataro\/wp-json\/wp\/v2\/users\/1"}],"replies":[{"embeddable":true,"href":"https:\/\/agora.xtec.cat\/ceip-torre-llauder-mataro\/wp-json\/wp\/v2\/comments?post=1909"}],"version-history":[{"count":2,"href":"https:\/\/agora.xtec.cat\/ceip-torre-llauder-mataro\/wp-json\/wp\/v2\/posts\/1909\/revisions"}],"predecessor-version":[{"id":1923,"href":"https:\/\/agora.xtec.cat\/ceip-torre-llauder-mataro\/wp-json\/wp\/v2\/posts\/1909\/revisions\/1923"}],"wp:attachment":[{"href":"https:\/\/agora.xtec.cat\/ceip-torre-llauder-mataro\/wp-json\/wp\/v2\/media?parent=1909"}],"wp:term":[{"taxonomy":"category","embeddable":true,"href":"https:\/\/agora.xtec.cat\/ceip-torre-llauder-mataro\/wp-json\/wp\/v2\/categories?post=1909"},{"taxonomy":"post_tag","embeddable":true,"href":"https:\/\/agora.xtec.cat\/ceip-torre-llauder-mataro\/wp-json\/wp\/v2\/tags?post=1909"}],"curies":[{"name":"wp","href":"https:\/\/api.w.org\/{rel}","templated":true}]}}