{"id":1897,"date":"2018-10-25T19:54:40","date_gmt":"2018-10-25T17:54:40","guid":{"rendered":"http:\/\/agora.xtec.cat\/ceip-torre-llauder-mataro\/?p=1897"},"modified":"2018-10-25T19:54:40","modified_gmt":"2018-10-25T17:54:40","slug":"p3-el-cercle","status":"publish","type":"post","link":"https:\/\/agora.xtec.cat\/ceip-torre-llauder-mataro\/infantil\/p3-el-cercle\/","title":{"rendered":"P3 EL CERCLE"},"content":{"rendered":"<p>A P3 treballem les formes de manera manipulativa. En les \u00faltimes sessions, amb mig grup cada dia, ens hem centrat en el CERCLE. Els hem comparat amb les altres formes amb els blocs l\u00f2gics, els hem buscat a la realitat (el sol, un volant, roda de cotxe&#8230;.), els hem classificat i comptat. Despr\u00e9s hem estampat un got amb pintura per tal que aparegu\u00e9ssin cercles i tamb\u00e9 hem pogut enganxar gomets amb forma de cercle.<\/p>\n<p>Podeu veure com <a href=\"https:\/\/photos.app.goo.gl\/PLqR6fMAjbhFEk4F9\">P3 TREBALLA EL CERCLE<\/a>.<\/p>\n","protected":false},"excerpt":{"rendered":"<p>A P3 treballem les formes de manera manipulativa. En les \u00faltimes sessions, amb mig grup cada dia, ens hem centrat en el CERCLE. Els hem comparat amb les altres formes amb els blocs l\u00f2gics, els hem buscat a la realitat (el sol, un volant, roda&hellip;  <a href=\"https:\/\/agora.xtec.cat\/ceip-torre-llauder-mataro\/infantil\/p3-el-cercle\/\" title=\"Read P3 EL CERCLE\">Llegeix m\u00e9s\u00bb<\/a><\/p>\n","protected":false},"author":21,"featured_media":0,"comment_status":"open","ping_status":"closed","sticky":false,"template":"","format":"standard","meta":{"_bbp_topic_count":0,"_bbp_reply_count":0,"_bbp_total_topic_count":0,"_bbp_total_reply_count":0,"_bbp_voice_count":0,"_bbp_anonymous_reply_count":0,"_bbp_topic_count_hidden":0,"_bbp_reply_count_hidden":0,"_bbp_forum_subforum_count":0,"footnotes":""},"categories":[83,2],"tags":[],"class_list":["post-1897","post","type-post","status-publish","format-standard","hentry","category-i3","category-infantil"],"post_mailing_queue_ids":[],"_links":{"self":[{"href":"https:\/\/agora.xtec.cat\/ceip-torre-llauder-mataro\/wp-json\/wp\/v2\/posts\/1897","targetHints":{"allow":["GET"]}}],"collection":[{"href":"https:\/\/agora.xtec.cat\/ceip-torre-llauder-mataro\/wp-json\/wp\/v2\/posts"}],"about":[{"href":"https:\/\/agora.xtec.cat\/ceip-torre-llauder-mataro\/wp-json\/wp\/v2\/types\/post"}],"author":[{"embeddable":true,"href":"https:\/\/agora.xtec.cat\/ceip-torre-llauder-mataro\/wp-json\/wp\/v2\/users\/21"}],"replies":[{"embeddable":true,"href":"https:\/\/agora.xtec.cat\/ceip-torre-llauder-mataro\/wp-json\/wp\/v2\/comments?post=1897"}],"version-history":[{"count":1,"href":"https:\/\/agora.xtec.cat\/ceip-torre-llauder-mataro\/wp-json\/wp\/v2\/posts\/1897\/revisions"}],"predecessor-version":[{"id":1898,"href":"https:\/\/agora.xtec.cat\/ceip-torre-llauder-mataro\/wp-json\/wp\/v2\/posts\/1897\/revisions\/1898"}],"wp:attachment":[{"href":"https:\/\/agora.xtec.cat\/ceip-torre-llauder-mataro\/wp-json\/wp\/v2\/media?parent=1897"}],"wp:term":[{"taxonomy":"category","embeddable":true,"href":"https:\/\/agora.xtec.cat\/ceip-torre-llauder-mataro\/wp-json\/wp\/v2\/categories?post=1897"},{"taxonomy":"post_tag","embeddable":true,"href":"https:\/\/agora.xtec.cat\/ceip-torre-llauder-mataro\/wp-json\/wp\/v2\/tags?post=1897"}],"curies":[{"name":"wp","href":"https:\/\/api.w.org\/{rel}","templated":true}]}}