{"id":1866,"date":"2018-10-23T11:59:41","date_gmt":"2018-10-23T09:59:41","guid":{"rendered":"http:\/\/agora.xtec.cat\/ceip-torre-llauder-mataro\/?p=1866"},"modified":"2018-10-25T10:59:18","modified_gmt":"2018-10-25T08:59:18","slug":"fruits-secs","status":"publish","type":"post","link":"https:\/\/agora.xtec.cat\/ceip-torre-llauder-mataro\/infantil\/i4\/fruits-secs\/","title":{"rendered":"Fruits secs P4"},"content":{"rendered":"<p>Fem experimentaci\u00f3 i tastem els fruits secs de la Tardor. Mirem quins arbres s\u00f3n els que fan les anous, les ametlles i les avellanes.<\/p>\n<p>Classifiquem segons la mida els fruits secs i seguidament els identifiquem i els escrivim a la pissarra. Veiem com s\u00f3n per dins i els tastem! El fruut sec que m\u00e9s ens ha agradat \u00e9s&#8230;.L&#8217;ANOU!<\/p>\n<p>&nbsp;<\/p>\n<p><a href=\"https:\/\/photos.app.goo.gl\/sRUk9tbf1hD9JS6q8\">Fotos fruits secs<\/a><\/p>\n","protected":false},"excerpt":{"rendered":"<p>Fem experimentaci\u00f3 i tastem els fruits secs de la Tardor. Mirem quins arbres s\u00f3n els que fan les anous, les ametlles i les avellanes.<br \/>\nClassifiquem segons la mida els fruits secs i seguidament els identifiquem i els escrivim a la pissarra. Veiem com s\u00f3n per dins&hellip;  <a href=\"https:\/\/agora.xtec.cat\/ceip-torre-llauder-mataro\/infantil\/i4\/fruits-secs\/\" title=\"Read Fruits secs P4\">Llegeix m\u00e9s\u00bb<\/a><\/p>\n","protected":false},"author":10,"featured_media":0,"comment_status":"open","ping_status":"closed","sticky":false,"template":"","format":"standard","meta":{"_bbp_topic_count":0,"_bbp_reply_count":0,"_bbp_total_topic_count":0,"_bbp_total_reply_count":0,"_bbp_voice_count":0,"_bbp_anonymous_reply_count":0,"_bbp_topic_count_hidden":0,"_bbp_reply_count_hidden":0,"_bbp_forum_subforum_count":0,"footnotes":""},"categories":[3],"tags":[],"class_list":["post-1866","post","type-post","status-publish","format-standard","hentry","category-i4"],"post_mailing_queue_ids":[],"_links":{"self":[{"href":"https:\/\/agora.xtec.cat\/ceip-torre-llauder-mataro\/wp-json\/wp\/v2\/posts\/1866","targetHints":{"allow":["GET"]}}],"collection":[{"href":"https:\/\/agora.xtec.cat\/ceip-torre-llauder-mataro\/wp-json\/wp\/v2\/posts"}],"about":[{"href":"https:\/\/agora.xtec.cat\/ceip-torre-llauder-mataro\/wp-json\/wp\/v2\/types\/post"}],"author":[{"embeddable":true,"href":"https:\/\/agora.xtec.cat\/ceip-torre-llauder-mataro\/wp-json\/wp\/v2\/users\/10"}],"replies":[{"embeddable":true,"href":"https:\/\/agora.xtec.cat\/ceip-torre-llauder-mataro\/wp-json\/wp\/v2\/comments?post=1866"}],"version-history":[{"count":3,"href":"https:\/\/agora.xtec.cat\/ceip-torre-llauder-mataro\/wp-json\/wp\/v2\/posts\/1866\/revisions"}],"predecessor-version":[{"id":1887,"href":"https:\/\/agora.xtec.cat\/ceip-torre-llauder-mataro\/wp-json\/wp\/v2\/posts\/1866\/revisions\/1887"}],"wp:attachment":[{"href":"https:\/\/agora.xtec.cat\/ceip-torre-llauder-mataro\/wp-json\/wp\/v2\/media?parent=1866"}],"wp:term":[{"taxonomy":"category","embeddable":true,"href":"https:\/\/agora.xtec.cat\/ceip-torre-llauder-mataro\/wp-json\/wp\/v2\/categories?post=1866"},{"taxonomy":"post_tag","embeddable":true,"href":"https:\/\/agora.xtec.cat\/ceip-torre-llauder-mataro\/wp-json\/wp\/v2\/tags?post=1866"}],"curies":[{"name":"wp","href":"https:\/\/api.w.org\/{rel}","templated":true}]}}