{"id":1846,"date":"2018-10-18T20:28:25","date_gmt":"2018-10-18T18:28:25","guid":{"rendered":"http:\/\/agora.xtec.cat\/ceip-torre-llauder-mataro\/?p=1846"},"modified":"2018-10-18T20:28:25","modified_gmt":"2018-10-18T18:28:25","slug":"tallers-de-plastica-ed-infantil-2","status":"publish","type":"post","link":"https:\/\/agora.xtec.cat\/ceip-torre-llauder-mataro\/general\/tallers-de-plastica-ed-infantil-2\/","title":{"rendered":"TALLERS DE PL\u00c0STICA (Ed Infantil)"},"content":{"rendered":"<p>Avui hem iniciat els tallers de pl\u00e0stica internivell al parvulari, on els nens i nenes de P3, P4 i P5 realitzen una activitat pl\u00e0stica; millorant les t\u00e8cniques, potenciant la creativitat i aprenent els uns dels altres. Durant les properes setmanes els dijous a la tarda aniran canviant d&#8217;aula per tal de realitzar les diferents propostes. Aquest trimestre faran les seg\u00fcents:<\/p>\n<p>&#8211; A P3 amb l&#8217;Asun: decoraci\u00f3 d&#8217;una caixa (durar\u00e0 tot el curs)<\/p>\n<p>&#8211; A\u00a0la polivalent de la planta baixa amb l&#8217;Alba: omplir un dibuix escollit amb boletes de paper.<\/p>\n<p>&#8211; A p4 amb la Patry: dibuix m\u00e0gic amb ceres blanques<\/p>\n<p>&#8211; A P5 amb la Mireia: fang lliure decorat<\/p>\n<p style=\"text-align: left;\">&#8211; A la polivalent del 1er pis amb l&#8217;Isabel: arbre de tardor amb la m\u00e0 i pintura<\/p>\n<p>Fotos de la <a href=\"https:\/\/photos.app.goo.gl\/HB1trAupjHWqdeEE8\">SESSI\u00d3 1 DE TALLERS DE PL\u00c0STICA<\/a>\u00a0(EI 18\/10\/18)<\/p>\n<p>&nbsp;<\/p>\n","protected":false},"excerpt":{"rendered":"<p>Avui hem iniciat els tallers de pl\u00e0stica internivell al parvulari, on els nens i nenes de P3, P4 i P5 realitzen una activitat pl\u00e0stica; millorant les t\u00e8cniques, potenciant la creativitat i aprenent els uns dels altres. Durant les properes setmanes els dijous a la tarda&hellip;  <a href=\"https:\/\/agora.xtec.cat\/ceip-torre-llauder-mataro\/general\/tallers-de-plastica-ed-infantil-2\/\" title=\"Read TALLERS DE PL\u00c0STICA (Ed Infantil)\">Llegeix m\u00e9s\u00bb<\/a><\/p>\n","protected":false},"author":21,"featured_media":0,"comment_status":"open","ping_status":"closed","sticky":false,"template":"","format":"standard","meta":{"_bbp_topic_count":0,"_bbp_reply_count":0,"_bbp_total_topic_count":0,"_bbp_total_reply_count":0,"_bbp_voice_count":0,"_bbp_anonymous_reply_count":0,"_bbp_topic_count_hidden":0,"_bbp_reply_count_hidden":0,"_bbp_forum_subforum_count":0,"footnotes":""},"categories":[1,83,3,8,2,4],"tags":[],"class_list":["post-1846","post","type-post","status-publish","format-standard","hentry","category-general","category-i3","category-i4","category-i5","category-infantil","category-portada"],"post_mailing_queue_ids":[],"_links":{"self":[{"href":"https:\/\/agora.xtec.cat\/ceip-torre-llauder-mataro\/wp-json\/wp\/v2\/posts\/1846","targetHints":{"allow":["GET"]}}],"collection":[{"href":"https:\/\/agora.xtec.cat\/ceip-torre-llauder-mataro\/wp-json\/wp\/v2\/posts"}],"about":[{"href":"https:\/\/agora.xtec.cat\/ceip-torre-llauder-mataro\/wp-json\/wp\/v2\/types\/post"}],"author":[{"embeddable":true,"href":"https:\/\/agora.xtec.cat\/ceip-torre-llauder-mataro\/wp-json\/wp\/v2\/users\/21"}],"replies":[{"embeddable":true,"href":"https:\/\/agora.xtec.cat\/ceip-torre-llauder-mataro\/wp-json\/wp\/v2\/comments?post=1846"}],"version-history":[{"count":1,"href":"https:\/\/agora.xtec.cat\/ceip-torre-llauder-mataro\/wp-json\/wp\/v2\/posts\/1846\/revisions"}],"predecessor-version":[{"id":1847,"href":"https:\/\/agora.xtec.cat\/ceip-torre-llauder-mataro\/wp-json\/wp\/v2\/posts\/1846\/revisions\/1847"}],"wp:attachment":[{"href":"https:\/\/agora.xtec.cat\/ceip-torre-llauder-mataro\/wp-json\/wp\/v2\/media?parent=1846"}],"wp:term":[{"taxonomy":"category","embeddable":true,"href":"https:\/\/agora.xtec.cat\/ceip-torre-llauder-mataro\/wp-json\/wp\/v2\/categories?post=1846"},{"taxonomy":"post_tag","embeddable":true,"href":"https:\/\/agora.xtec.cat\/ceip-torre-llauder-mataro\/wp-json\/wp\/v2\/tags?post=1846"}],"curies":[{"name":"wp","href":"https:\/\/api.w.org\/{rel}","templated":true}]}}