{"id":1835,"date":"2018-10-18T18:00:44","date_gmt":"2018-10-18T16:00:44","guid":{"rendered":"http:\/\/agora.xtec.cat\/ceip-torre-llauder-mataro\/?p=1835"},"modified":"2018-10-18T18:00:44","modified_gmt":"2018-10-18T16:00:44","slug":"tastet-de-fruits-de-tardor","status":"publish","type":"post","link":"https:\/\/agora.xtec.cat\/ceip-torre-llauder-mataro\/infantil\/tastet-de-fruits-de-tardor\/","title":{"rendered":"Tastet de fruits de tardor"},"content":{"rendered":"<p>Ara que ha arribat la tardor, durant dues sessions d&#8217;experimentaci\u00f3, hem vist, olorat, tocat i tastat diferents fruits de tardor com la magrana, el codony, el ra\u00efm, la mandarina, el caqui, la xirimoia&#8230;. Tamb\u00e9 hem fet el mateix amb els fruits secs: ametlles, avellanes i nous.<\/p>\n<p>A la majoria ens ha agradat molt tot i ho hem tastat sense problemes, aix\u00ed doncs fam\u00edlies, algun dia per esmorzar ja sabeu que podeu posar als vostres fills\/es.<\/p>\n<p><a href=\"https:\/\/photos.app.goo.gl\/AnvJuzvqHmGw9jDb8\">Fruits de tardor<\/a><\/p>\n","protected":false},"excerpt":{"rendered":"<p>Ara que ha arribat la tardor, durant dues sessions d&#8217;experimentaci\u00f3, hem vist, olorat, tocat i tastat diferents fruits de tardor com la magrana, el codony, el ra\u00efm, la mandarina, el caqui, la xirimoia&#8230;. Tamb\u00e9 hem fet el mateix amb els fruits secs: ametlles, avellanes i&hellip;  <a href=\"https:\/\/agora.xtec.cat\/ceip-torre-llauder-mataro\/infantil\/tastet-de-fruits-de-tardor\/\" title=\"Read Tastet de fruits de tardor\">Llegeix m\u00e9s\u00bb<\/a><\/p>\n","protected":false},"author":7,"featured_media":0,"comment_status":"open","ping_status":"closed","sticky":false,"template":"","format":"standard","meta":{"_bbp_topic_count":0,"_bbp_reply_count":0,"_bbp_total_topic_count":0,"_bbp_total_reply_count":0,"_bbp_voice_count":0,"_bbp_anonymous_reply_count":0,"_bbp_topic_count_hidden":0,"_bbp_reply_count_hidden":0,"_bbp_forum_subforum_count":0,"footnotes":""},"categories":[8,2],"tags":[],"class_list":["post-1835","post","type-post","status-publish","format-standard","hentry","category-i5","category-infantil"],"post_mailing_queue_ids":[],"_links":{"self":[{"href":"https:\/\/agora.xtec.cat\/ceip-torre-llauder-mataro\/wp-json\/wp\/v2\/posts\/1835","targetHints":{"allow":["GET"]}}],"collection":[{"href":"https:\/\/agora.xtec.cat\/ceip-torre-llauder-mataro\/wp-json\/wp\/v2\/posts"}],"about":[{"href":"https:\/\/agora.xtec.cat\/ceip-torre-llauder-mataro\/wp-json\/wp\/v2\/types\/post"}],"author":[{"embeddable":true,"href":"https:\/\/agora.xtec.cat\/ceip-torre-llauder-mataro\/wp-json\/wp\/v2\/users\/7"}],"replies":[{"embeddable":true,"href":"https:\/\/agora.xtec.cat\/ceip-torre-llauder-mataro\/wp-json\/wp\/v2\/comments?post=1835"}],"version-history":[{"count":1,"href":"https:\/\/agora.xtec.cat\/ceip-torre-llauder-mataro\/wp-json\/wp\/v2\/posts\/1835\/revisions"}],"predecessor-version":[{"id":1836,"href":"https:\/\/agora.xtec.cat\/ceip-torre-llauder-mataro\/wp-json\/wp\/v2\/posts\/1835\/revisions\/1836"}],"wp:attachment":[{"href":"https:\/\/agora.xtec.cat\/ceip-torre-llauder-mataro\/wp-json\/wp\/v2\/media?parent=1835"}],"wp:term":[{"taxonomy":"category","embeddable":true,"href":"https:\/\/agora.xtec.cat\/ceip-torre-llauder-mataro\/wp-json\/wp\/v2\/categories?post=1835"},{"taxonomy":"post_tag","embeddable":true,"href":"https:\/\/agora.xtec.cat\/ceip-torre-llauder-mataro\/wp-json\/wp\/v2\/tags?post=1835"}],"curies":[{"name":"wp","href":"https:\/\/api.w.org\/{rel}","templated":true}]}}