{"id":1771,"date":"2018-09-26T12:52:15","date_gmt":"2018-09-26T10:52:15","guid":{"rendered":"http:\/\/agora.xtec.cat\/ceip-torre-llauder-mataro\/?p=1771"},"modified":"2018-10-05T17:40:05","modified_gmt":"2018-10-05T15:40:05","slug":"adaptacio-p3","status":"publish","type":"post","link":"https:\/\/agora.xtec.cat\/ceip-torre-llauder-mataro\/infantil\/adaptacio-p3\/","title":{"rendered":"Adaptaci\u00f3 P3"},"content":{"rendered":"<p>Hola fam\u00edlies! Aqu\u00ed teniu un tastet de com s&#8217;han adaptat els vostres fills \/es a l&#8217;escola.<\/p>\n<p><a href=\"https:\/\/photos.app.goo.gl\/AK2hvYxqzv7xwCsz7\">Fotos adaptaci\u00f3<\/a><\/p>\n","protected":false},"excerpt":{"rendered":"<p>Hola fam\u00edlies! Aqu\u00ed teniu un tastet de com s&#8217;han adaptat els vostres fills \/es a l&#8217;escola.<br \/>\n<a href=\"https:\/\/photos.app.goo.gl\/AK2hvYxqzv7xwCsz7\">Fotos adaptaci\u00f3<\/a><\/p>\n","protected":false},"author":10,"featured_media":0,"comment_status":"open","ping_status":"closed","sticky":false,"template":"","format":"standard","meta":{"_bbp_topic_count":0,"_bbp_reply_count":0,"_bbp_total_topic_count":0,"_bbp_total_reply_count":0,"_bbp_voice_count":0,"_bbp_anonymous_reply_count":0,"_bbp_topic_count_hidden":0,"_bbp_reply_count_hidden":0,"_bbp_forum_subforum_count":0,"footnotes":""},"categories":[83,2],"tags":[],"class_list":["post-1771","post","type-post","status-publish","format-standard","hentry","category-i3","category-infantil"],"post_mailing_queue_ids":[],"_links":{"self":[{"href":"https:\/\/agora.xtec.cat\/ceip-torre-llauder-mataro\/wp-json\/wp\/v2\/posts\/1771","targetHints":{"allow":["GET"]}}],"collection":[{"href":"https:\/\/agora.xtec.cat\/ceip-torre-llauder-mataro\/wp-json\/wp\/v2\/posts"}],"about":[{"href":"https:\/\/agora.xtec.cat\/ceip-torre-llauder-mataro\/wp-json\/wp\/v2\/types\/post"}],"author":[{"embeddable":true,"href":"https:\/\/agora.xtec.cat\/ceip-torre-llauder-mataro\/wp-json\/wp\/v2\/users\/10"}],"replies":[{"embeddable":true,"href":"https:\/\/agora.xtec.cat\/ceip-torre-llauder-mataro\/wp-json\/wp\/v2\/comments?post=1771"}],"version-history":[{"count":2,"href":"https:\/\/agora.xtec.cat\/ceip-torre-llauder-mataro\/wp-json\/wp\/v2\/posts\/1771\/revisions"}],"predecessor-version":[{"id":1773,"href":"https:\/\/agora.xtec.cat\/ceip-torre-llauder-mataro\/wp-json\/wp\/v2\/posts\/1771\/revisions\/1773"}],"wp:attachment":[{"href":"https:\/\/agora.xtec.cat\/ceip-torre-llauder-mataro\/wp-json\/wp\/v2\/media?parent=1771"}],"wp:term":[{"taxonomy":"category","embeddable":true,"href":"https:\/\/agora.xtec.cat\/ceip-torre-llauder-mataro\/wp-json\/wp\/v2\/categories?post=1771"},{"taxonomy":"post_tag","embeddable":true,"href":"https:\/\/agora.xtec.cat\/ceip-torre-llauder-mataro\/wp-json\/wp\/v2\/tags?post=1771"}],"curies":[{"name":"wp","href":"https:\/\/api.w.org\/{rel}","templated":true}]}}