{"id":1743,"date":"2018-09-14T23:57:56","date_gmt":"2018-09-14T21:57:56","guid":{"rendered":"http:\/\/agora.xtec.cat\/ceip-torre-llauder-mataro\/?p=1743"},"modified":"2018-09-14T23:59:07","modified_gmt":"2018-09-14T21:59:07","slug":"reunio-daula","status":"publish","type":"post","link":"https:\/\/agora.xtec.cat\/ceip-torre-llauder-mataro\/general\/reunio-daula\/","title":{"rendered":"Reuni\u00f3 d&#8217;aula:"},"content":{"rendered":"<p>Fam\u00edlies! La propera setmana comencem les reunions d&#8217;aula, en les quals explicarem els aspectes m\u00e9s importants del funcionament del curs en general i del grup dels vostres fills i filles.<\/p>\n<p>Us recordem que \u00e9s molt important la vostra assist\u00e8ncia. Us hi esperem!<\/p>\n<p>Aqu\u00ed teniu les dates:<\/p>\n<table class=\"aligncenter\" style=\"width: 100%; border-collapse: collapse; border-style: ridge; border-color: #000000;\" border=\"5\">\n<tbody>\n<tr>\n<td style=\"width: 20%; text-align: center;\">Dilluns 24 de Setembre<\/p>\n<p><strong>P5<\/strong><\/td>\n<td style=\"width: 20%; text-align: center;\">Dimarts 25 de Setembre<\/p>\n<p><strong>3r A i 3r B<\/strong><\/td>\n<td style=\"width: 20%; text-align: center;\">Dimecres 26 de Setembre<\/p>\n<p><strong>&#8212;&#8211;<\/strong><\/td>\n<td style=\"width: 20%; text-align: center;\">Dijous 27 de Setembre<\/p>\n<p><strong>5\u00e8 A i B<\/strong><\/td>\n<td style=\"width: 20%; text-align: center;\">Divendres 28 de Setembre<\/p>\n<p><strong>6\u00e8 A i B<\/strong><\/td>\n<\/tr>\n<tr>\n<td style=\"width: 20%; text-align: center;\">Dilluns 1 d&#8217;octubre<\/p>\n<p><strong>P3<\/strong><\/td>\n<td style=\"width: 20%; text-align: center;\">\u00a0Dimarts 2 d&#8217;octubre<\/p>\n<p><strong>P4 i 4t<\/strong><\/td>\n<td style=\"width: 20%; text-align: center;\">Dimecres 3 d&#8217;octubre<\/p>\n<p><strong>2n A i 2n B<\/strong><\/td>\n<td style=\"width: 20%; text-align: center;\">\u00a0Dijous 4 d&#8217;octubre<\/p>\n<p><strong>&#8212;&#8211;<\/strong><\/td>\n<td style=\"width: 20%; text-align: center;\">\u00a0Divendres 5 d&#8217;octubre<\/p>\n<p><strong>1r<\/strong><\/td>\n<\/tr>\n<\/tbody>\n<\/table>\n","protected":false},"excerpt":{"rendered":"<p>Fam\u00edlies! La propera setmana comencem les reunions d&#8217;aula, en les quals explicarem els aspectes m\u00e9s importants del funcionament del curs en general i del grup dels vostres fills i filles.<br \/>\nUs recordem que \u00e9s molt important la vostra assist\u00e8ncia. Us hi esperem!<br \/>\nAqu\u00ed teniu les dates:<\/p>\n<p>Dilluns 24&hellip;  <a href=\"https:\/\/agora.xtec.cat\/ceip-torre-llauder-mataro\/general\/reunio-daula\/\" title=\"Read Reuni\u00f3 d&#8217;aula:\">Llegeix m\u00e9s\u00bb<\/a><\/p>\n","protected":false},"author":1,"featured_media":0,"comment_status":"open","ping_status":"closed","sticky":false,"template":"","format":"standard","meta":{"_bbp_topic_count":0,"_bbp_reply_count":0,"_bbp_total_topic_count":0,"_bbp_total_reply_count":0,"_bbp_voice_count":0,"_bbp_anonymous_reply_count":0,"_bbp_topic_count_hidden":0,"_bbp_reply_count_hidden":0,"_bbp_forum_subforum_count":0,"footnotes":""},"categories":[1,2,4,5],"tags":[81],"class_list":["post-1743","post","type-post","status-publish","format-standard","hentry","category-general","category-infantil","category-portada","category-primaria","tag-reunio-aula"],"post_mailing_queue_ids":[],"_links":{"self":[{"href":"https:\/\/agora.xtec.cat\/ceip-torre-llauder-mataro\/wp-json\/wp\/v2\/posts\/1743","targetHints":{"allow":["GET"]}}],"collection":[{"href":"https:\/\/agora.xtec.cat\/ceip-torre-llauder-mataro\/wp-json\/wp\/v2\/posts"}],"about":[{"href":"https:\/\/agora.xtec.cat\/ceip-torre-llauder-mataro\/wp-json\/wp\/v2\/types\/post"}],"author":[{"embeddable":true,"href":"https:\/\/agora.xtec.cat\/ceip-torre-llauder-mataro\/wp-json\/wp\/v2\/users\/1"}],"replies":[{"embeddable":true,"href":"https:\/\/agora.xtec.cat\/ceip-torre-llauder-mataro\/wp-json\/wp\/v2\/comments?post=1743"}],"version-history":[{"count":2,"href":"https:\/\/agora.xtec.cat\/ceip-torre-llauder-mataro\/wp-json\/wp\/v2\/posts\/1743\/revisions"}],"predecessor-version":[{"id":1745,"href":"https:\/\/agora.xtec.cat\/ceip-torre-llauder-mataro\/wp-json\/wp\/v2\/posts\/1743\/revisions\/1745"}],"wp:attachment":[{"href":"https:\/\/agora.xtec.cat\/ceip-torre-llauder-mataro\/wp-json\/wp\/v2\/media?parent=1743"}],"wp:term":[{"taxonomy":"category","embeddable":true,"href":"https:\/\/agora.xtec.cat\/ceip-torre-llauder-mataro\/wp-json\/wp\/v2\/categories?post=1743"},{"taxonomy":"post_tag","embeddable":true,"href":"https:\/\/agora.xtec.cat\/ceip-torre-llauder-mataro\/wp-json\/wp\/v2\/tags?post=1743"}],"curies":[{"name":"wp","href":"https:\/\/api.w.org\/{rel}","templated":true}]}}