{"id":1736,"date":"2018-09-14T17:38:59","date_gmt":"2018-09-14T15:38:59","guid":{"rendered":"http:\/\/agora.xtec.cat\/ceip-torre-llauder-mataro\/?p=1736"},"modified":"2018-09-16T23:56:37","modified_gmt":"2018-09-16T21:56:37","slug":"atencio","status":"publish","type":"post","link":"https:\/\/agora.xtec.cat\/ceip-torre-llauder-mataro\/general\/atencio\/","title":{"rendered":"Atenci\u00f3:"},"content":{"rendered":"<p>Hi ha una modificaci\u00f3 en l&#8217;oferta d&#8217;activitats extraescolars: s&#8217;ha afegit Angl\u00e8s, que es far\u00e0 el dimarts a la tarda. Aqu\u00ed teniu l&#8217;oferta d&#8217;activitats. Per a m\u00e9s informaci\u00f3, consulteu\u00a0<a href=\"http:\/\/agora.xtec.cat\/ceip-torre-llauder-mataro\/serveis\/activitats-extraescolars\/\" target=\"_blank\" rel=\"noopener\">Activitats Extraescolars.<\/a><\/p>\n<p><a href=\"http:\/\/agora.xtec.cat\/ceip-torre-llauder-mataro\/wp-content\/uploads\/usu1425\/2018\/09\/Extraescolars-18-19.jpg\"><img loading=\"lazy\" decoding=\"async\" class=\"alignnone size-full wp-image-1755\" src=\"http:\/\/agora.xtec.cat\/ceip-torre-llauder-mataro\/wp-content\/uploads\/usu1425\/2018\/09\/Extraescolars-18-19.jpg\" alt=\"\" width=\"502\" height=\"398\" srcset=\"https:\/\/agora.xtec.cat\/ceip-torre-llauder-mataro\/wp-content\/uploads\/usu1425\/2018\/09\/Extraescolars-18-19.jpg 502w, https:\/\/agora.xtec.cat\/ceip-torre-llauder-mataro\/wp-content\/uploads\/usu1425\/2018\/09\/Extraescolars-18-19-300x238.jpg 300w\" sizes=\"auto, (max-width: 502px) 100vw, 502px\" \/><\/a><\/p>\n","protected":false},"excerpt":{"rendered":"<p>Hi ha una modificaci\u00f3 en l&#8217;oferta d&#8217;activitats extraescolars: s&#8217;ha afegit Angl\u00e8s, que es far\u00e0 el dimarts a la tarda. Aqu\u00ed teniu l&#8217;oferta d&#8217;activitats. Per a m\u00e9s informaci\u00f3, consulteu\u00a0<a href=\"http:\/\/agora.xtec.cat\/ceip-torre-llauder-mataro\/serveis\/activitats-extraescolars\/\" target=\"_blank\" rel=\"noopener\">Activitats Extraescolars.<\/a><br \/>\n<a href=\"http:\/\/agora.xtec.cat\/ceip-torre-llauder-mataro\/wp-content\/uploads\/usu1425\/2018\/09\/Extraescolars-18-19.jpg\"><\/a><\/p>\n","protected":false},"author":1,"featured_media":0,"comment_status":"open","ping_status":"closed","sticky":false,"template":"","format":"standard","meta":{"_bbp_topic_count":0,"_bbp_reply_count":0,"_bbp_total_topic_count":0,"_bbp_total_reply_count":0,"_bbp_voice_count":0,"_bbp_anonymous_reply_count":0,"_bbp_topic_count_hidden":0,"_bbp_reply_count_hidden":0,"_bbp_forum_subforum_count":0,"footnotes":""},"categories":[1,4],"tags":[82],"class_list":["post-1736","post","type-post","status-publish","format-standard","hentry","category-general","category-portada","tag-activitats-extraescolars"],"post_mailing_queue_ids":[],"_links":{"self":[{"href":"https:\/\/agora.xtec.cat\/ceip-torre-llauder-mataro\/wp-json\/wp\/v2\/posts\/1736","targetHints":{"allow":["GET"]}}],"collection":[{"href":"https:\/\/agora.xtec.cat\/ceip-torre-llauder-mataro\/wp-json\/wp\/v2\/posts"}],"about":[{"href":"https:\/\/agora.xtec.cat\/ceip-torre-llauder-mataro\/wp-json\/wp\/v2\/types\/post"}],"author":[{"embeddable":true,"href":"https:\/\/agora.xtec.cat\/ceip-torre-llauder-mataro\/wp-json\/wp\/v2\/users\/1"}],"replies":[{"embeddable":true,"href":"https:\/\/agora.xtec.cat\/ceip-torre-llauder-mataro\/wp-json\/wp\/v2\/comments?post=1736"}],"version-history":[{"count":3,"href":"https:\/\/agora.xtec.cat\/ceip-torre-llauder-mataro\/wp-json\/wp\/v2\/posts\/1736\/revisions"}],"predecessor-version":[{"id":1761,"href":"https:\/\/agora.xtec.cat\/ceip-torre-llauder-mataro\/wp-json\/wp\/v2\/posts\/1736\/revisions\/1761"}],"wp:attachment":[{"href":"https:\/\/agora.xtec.cat\/ceip-torre-llauder-mataro\/wp-json\/wp\/v2\/media?parent=1736"}],"wp:term":[{"taxonomy":"category","embeddable":true,"href":"https:\/\/agora.xtec.cat\/ceip-torre-llauder-mataro\/wp-json\/wp\/v2\/categories?post=1736"},{"taxonomy":"post_tag","embeddable":true,"href":"https:\/\/agora.xtec.cat\/ceip-torre-llauder-mataro\/wp-json\/wp\/v2\/tags?post=1736"}],"curies":[{"name":"wp","href":"https:\/\/api.w.org\/{rel}","templated":true}]}}