{"id":1710,"date":"2018-06-21T21:39:44","date_gmt":"2018-06-21T19:39:44","guid":{"rendered":"http:\/\/agora.xtec.cat\/ceip-torre-llauder-mataro\/?p=1710"},"modified":"2018-06-21T21:46:15","modified_gmt":"2018-06-21T19:46:15","slug":"feines-final-de-trimestres-p4-tapes-albums","status":"publish","type":"post","link":"https:\/\/agora.xtec.cat\/ceip-torre-llauder-mataro\/infantil\/feines-final-de-trimestres-p4-tapes-albums\/","title":{"rendered":"Feines final de trimestres P4 (tapes, \u00e0lbums&#8230;)"},"content":{"rendered":"<p>Recta de final de trimestre de P4. Quin munt de feines que han fet els nens i nenes!! Fixeu-vos en la feina que hi ha darrera de cada una de les coses que fan els vostres fills i filles i valoreu el seu esfor\u00e7!<\/p>\n<p>Podeu veure <a href=\"https:\/\/photos.app.goo.gl\/AHfWzlKfsJFaNoan2\">aqu\u00ed <\/a>les fotos.<\/p>\n<p>A m\u00e9s a m\u00e9s, els nenes i nenes tamb\u00e9 han col.laborat a <a href=\"https:\/\/photos.app.goo.gl\/j4aN7cB3priAycBH3\">netejar les joguines<\/a> d&#8217;aula i deixar-les a punt per l&#8217;any vinent.<\/p>\n","protected":false},"excerpt":{"rendered":"<p>Recta de final de trimestre de P4. Quin munt de feines que han fet els nens i nenes!! Fixeu-vos en la feina que hi ha darrera de cada una de les coses que fan els vostres fills i filles i valoreu el seu esfor\u00e7!<br \/>\nPodeu veure&hellip;  <a href=\"https:\/\/agora.xtec.cat\/ceip-torre-llauder-mataro\/infantil\/feines-final-de-trimestres-p4-tapes-albums\/\" title=\"Read Feines final de trimestres P4 (tapes, \u00e0lbums&#8230;)\">Llegeix m\u00e9s\u00bb<\/a><\/p>\n","protected":false},"author":21,"featured_media":0,"comment_status":"open","ping_status":"closed","sticky":false,"template":"","format":"standard","meta":{"_bbp_topic_count":0,"_bbp_reply_count":0,"_bbp_total_topic_count":0,"_bbp_total_reply_count":0,"_bbp_voice_count":0,"_bbp_anonymous_reply_count":0,"_bbp_topic_count_hidden":0,"_bbp_reply_count_hidden":0,"_bbp_forum_subforum_count":0,"footnotes":""},"categories":[8,2],"tags":[],"class_list":["post-1710","post","type-post","status-publish","format-standard","hentry","category-i5","category-infantil"],"post_mailing_queue_ids":[],"_links":{"self":[{"href":"https:\/\/agora.xtec.cat\/ceip-torre-llauder-mataro\/wp-json\/wp\/v2\/posts\/1710","targetHints":{"allow":["GET"]}}],"collection":[{"href":"https:\/\/agora.xtec.cat\/ceip-torre-llauder-mataro\/wp-json\/wp\/v2\/posts"}],"about":[{"href":"https:\/\/agora.xtec.cat\/ceip-torre-llauder-mataro\/wp-json\/wp\/v2\/types\/post"}],"author":[{"embeddable":true,"href":"https:\/\/agora.xtec.cat\/ceip-torre-llauder-mataro\/wp-json\/wp\/v2\/users\/21"}],"replies":[{"embeddable":true,"href":"https:\/\/agora.xtec.cat\/ceip-torre-llauder-mataro\/wp-json\/wp\/v2\/comments?post=1710"}],"version-history":[{"count":2,"href":"https:\/\/agora.xtec.cat\/ceip-torre-llauder-mataro\/wp-json\/wp\/v2\/posts\/1710\/revisions"}],"predecessor-version":[{"id":1712,"href":"https:\/\/agora.xtec.cat\/ceip-torre-llauder-mataro\/wp-json\/wp\/v2\/posts\/1710\/revisions\/1712"}],"wp:attachment":[{"href":"https:\/\/agora.xtec.cat\/ceip-torre-llauder-mataro\/wp-json\/wp\/v2\/media?parent=1710"}],"wp:term":[{"taxonomy":"category","embeddable":true,"href":"https:\/\/agora.xtec.cat\/ceip-torre-llauder-mataro\/wp-json\/wp\/v2\/categories?post=1710"},{"taxonomy":"post_tag","embeddable":true,"href":"https:\/\/agora.xtec.cat\/ceip-torre-llauder-mataro\/wp-json\/wp\/v2\/tags?post=1710"}],"curies":[{"name":"wp","href":"https:\/\/api.w.org\/{rel}","templated":true}]}}