{"id":1690,"date":"2018-06-18T18:51:36","date_gmt":"2018-06-18T16:51:36","guid":{"rendered":"http:\/\/agora.xtec.cat\/ceip-torre-llauder-mataro\/?p=1690"},"modified":"2018-06-18T18:51:36","modified_gmt":"2018-06-18T16:51:36","slug":"cucs-de-seda-a-laula-de-p4","status":"publish","type":"post","link":"https:\/\/agora.xtec.cat\/ceip-torre-llauder-mataro\/infantil\/i5\/cucs-de-seda-a-laula-de-p4\/","title":{"rendered":"CUCS DE SEDA A L&#8217;AULA DE P4"},"content":{"rendered":"<p>Ja fa uns dies que ens van arribar uns cucs petitons a l&#8217;aula. Els nens i nenes han apr\u00e8s que s\u00f3n cucs de seda perque fan fil de seda, i han pogut fer observaci\u00f3 directa tots aquests dies i cuidar-se que no els falt\u00e9s fulles de morera per menjar. Hem pogut veure com s&#8217;anaven fent grans fins embolicar-se en el capoll per al cap d&#8217;uns quants dies descobrir que s&#8217;havien transformat i els havien sortit ales, quina meravella!!<\/p>\n<p>Finalment hem pogut dibuixar tot el proc\u00e9s.<\/p>\n<p><a href=\"https:\/\/photos.app.goo.gl\/H3GoBidsM39KCvTB3\">cucs de seda<\/a><\/p>\n<p>&nbsp;<\/p>\n","protected":false},"excerpt":{"rendered":"<p>Ja fa uns dies que ens van arribar uns cucs petitons a l&#8217;aula. Els nens i nenes han apr\u00e8s que s\u00f3n cucs de seda perque fan fil de seda, i han pogut fer observaci\u00f3 directa tots aquests dies i cuidar-se que no els falt\u00e9s fulles&hellip;  <a href=\"https:\/\/agora.xtec.cat\/ceip-torre-llauder-mataro\/infantil\/i5\/cucs-de-seda-a-laula-de-p4\/\" title=\"Read CUCS DE SEDA A L&#8217;AULA DE P4\">Llegeix m\u00e9s\u00bb<\/a><\/p>\n","protected":false},"author":21,"featured_media":0,"comment_status":"open","ping_status":"closed","sticky":false,"template":"","format":"standard","meta":{"_bbp_topic_count":0,"_bbp_reply_count":0,"_bbp_total_topic_count":0,"_bbp_total_reply_count":0,"_bbp_voice_count":0,"_bbp_anonymous_reply_count":0,"_bbp_topic_count_hidden":0,"_bbp_reply_count_hidden":0,"_bbp_forum_subforum_count":0,"footnotes":""},"categories":[8],"tags":[],"class_list":["post-1690","post","type-post","status-publish","format-standard","hentry","category-i5"],"post_mailing_queue_ids":[],"_links":{"self":[{"href":"https:\/\/agora.xtec.cat\/ceip-torre-llauder-mataro\/wp-json\/wp\/v2\/posts\/1690","targetHints":{"allow":["GET"]}}],"collection":[{"href":"https:\/\/agora.xtec.cat\/ceip-torre-llauder-mataro\/wp-json\/wp\/v2\/posts"}],"about":[{"href":"https:\/\/agora.xtec.cat\/ceip-torre-llauder-mataro\/wp-json\/wp\/v2\/types\/post"}],"author":[{"embeddable":true,"href":"https:\/\/agora.xtec.cat\/ceip-torre-llauder-mataro\/wp-json\/wp\/v2\/users\/21"}],"replies":[{"embeddable":true,"href":"https:\/\/agora.xtec.cat\/ceip-torre-llauder-mataro\/wp-json\/wp\/v2\/comments?post=1690"}],"version-history":[{"count":1,"href":"https:\/\/agora.xtec.cat\/ceip-torre-llauder-mataro\/wp-json\/wp\/v2\/posts\/1690\/revisions"}],"predecessor-version":[{"id":1691,"href":"https:\/\/agora.xtec.cat\/ceip-torre-llauder-mataro\/wp-json\/wp\/v2\/posts\/1690\/revisions\/1691"}],"wp:attachment":[{"href":"https:\/\/agora.xtec.cat\/ceip-torre-llauder-mataro\/wp-json\/wp\/v2\/media?parent=1690"}],"wp:term":[{"taxonomy":"category","embeddable":true,"href":"https:\/\/agora.xtec.cat\/ceip-torre-llauder-mataro\/wp-json\/wp\/v2\/categories?post=1690"},{"taxonomy":"post_tag","embeddable":true,"href":"https:\/\/agora.xtec.cat\/ceip-torre-llauder-mataro\/wp-json\/wp\/v2\/tags?post=1690"}],"curies":[{"name":"wp","href":"https:\/\/api.w.org\/{rel}","templated":true}]}}