{"id":1686,"date":"2018-06-11T20:45:30","date_gmt":"2018-06-11T18:45:30","guid":{"rendered":"http:\/\/agora.xtec.cat\/ceip-torre-llauder-mataro\/?p=1686"},"modified":"2018-06-11T20:45:30","modified_gmt":"2018-06-11T18:45:30","slug":"experimentacio-barreja-de-colors","status":"publish","type":"post","link":"https:\/\/agora.xtec.cat\/ceip-torre-llauder-mataro\/infantil\/i5\/experimentacio-barreja-de-colors\/","title":{"rendered":"EXPERIMENTACI\u00d3: BARREJA DE COLORS"},"content":{"rendered":"<p>Avui hem fet sumes amb els colors, s\u00ed, s\u00ed, sumes!! I hem descobert que:<\/p>\n<p>BLAU+VERMELL=LILA<\/p>\n<p>BLAU+GROC=VERD<\/p>\n<p>VERMELL+GROC=TARONJA<\/p>\n<p>Aix\u00f2 gaireb\u00e9 \u00e9s magia! Mireu <a href=\"https:\/\/photos.app.goo.gl\/nThtSTzWodNRdgph2\">aqu\u00ed<\/a> les fotos. Ho hem comprovat amb paper que tenyeix l&#8217;aigua i tamb\u00e9 amb pintura.<\/p>\n","protected":false},"excerpt":{"rendered":"<p>Avui hem fet sumes amb els colors, s\u00ed, s\u00ed, sumes!! I hem descobert que:<br \/>\nBLAU+VERMELL=LILA<br \/>\nBLAU+GROC=VERD<br \/>\nVERMELL+GROC=TARONJA<br \/>\nAix\u00f2 gaireb\u00e9 \u00e9s magia! Mireu <a href=\"https:\/\/photos.app.goo.gl\/nThtSTzWodNRdgph2\">aqu\u00ed<\/a> les fotos. Ho hem comprovat amb paper que tenyeix l&#8217;aigua i tamb\u00e9 amb pintura.<\/p>\n","protected":false},"author":21,"featured_media":0,"comment_status":"open","ping_status":"closed","sticky":false,"template":"","format":"standard","meta":{"_bbp_topic_count":0,"_bbp_reply_count":0,"_bbp_total_topic_count":0,"_bbp_total_reply_count":0,"_bbp_voice_count":0,"_bbp_anonymous_reply_count":0,"_bbp_topic_count_hidden":0,"_bbp_reply_count_hidden":0,"_bbp_forum_subforum_count":0,"footnotes":""},"categories":[8],"tags":[],"class_list":["post-1686","post","type-post","status-publish","format-standard","hentry","category-i5"],"post_mailing_queue_ids":[],"_links":{"self":[{"href":"https:\/\/agora.xtec.cat\/ceip-torre-llauder-mataro\/wp-json\/wp\/v2\/posts\/1686","targetHints":{"allow":["GET"]}}],"collection":[{"href":"https:\/\/agora.xtec.cat\/ceip-torre-llauder-mataro\/wp-json\/wp\/v2\/posts"}],"about":[{"href":"https:\/\/agora.xtec.cat\/ceip-torre-llauder-mataro\/wp-json\/wp\/v2\/types\/post"}],"author":[{"embeddable":true,"href":"https:\/\/agora.xtec.cat\/ceip-torre-llauder-mataro\/wp-json\/wp\/v2\/users\/21"}],"replies":[{"embeddable":true,"href":"https:\/\/agora.xtec.cat\/ceip-torre-llauder-mataro\/wp-json\/wp\/v2\/comments?post=1686"}],"version-history":[{"count":1,"href":"https:\/\/agora.xtec.cat\/ceip-torre-llauder-mataro\/wp-json\/wp\/v2\/posts\/1686\/revisions"}],"predecessor-version":[{"id":1687,"href":"https:\/\/agora.xtec.cat\/ceip-torre-llauder-mataro\/wp-json\/wp\/v2\/posts\/1686\/revisions\/1687"}],"wp:attachment":[{"href":"https:\/\/agora.xtec.cat\/ceip-torre-llauder-mataro\/wp-json\/wp\/v2\/media?parent=1686"}],"wp:term":[{"taxonomy":"category","embeddable":true,"href":"https:\/\/agora.xtec.cat\/ceip-torre-llauder-mataro\/wp-json\/wp\/v2\/categories?post=1686"},{"taxonomy":"post_tag","embeddable":true,"href":"https:\/\/agora.xtec.cat\/ceip-torre-llauder-mataro\/wp-json\/wp\/v2\/tags?post=1686"}],"curies":[{"name":"wp","href":"https:\/\/api.w.org\/{rel}","templated":true}]}}