{"id":1666,"date":"2018-05-24T12:28:27","date_gmt":"2018-05-24T10:28:27","guid":{"rendered":"http:\/\/agora.xtec.cat\/ceip-torre-llauder-mataro\/?p=1666"},"modified":"2018-05-24T12:30:32","modified_gmt":"2018-05-24T10:30:32","slug":"2n-dia-de-colonies-ep","status":"publish","type":"post","link":"https:\/\/agora.xtec.cat\/ceip-torre-llauder-mataro\/general\/2n-dia-de-colonies-ep\/","title":{"rendered":"2n dia de Col\u00f2nies EP"},"content":{"rendered":"<p>Bon dia! Despr\u00e9s d&#8217;una nit de descans, hem encetat el segon dia amb un bon esmorzar i m\u00e9s activitats: jocs, excursi\u00f3 al riu, capoeira&#8230;<\/p>\n<p><a href=\"https:\/\/photos.app.goo.gl\/JTvWzd8cyg7uMwfq8\">Segon dia de col\u00f2nies<\/a><\/p>\n","protected":false},"excerpt":{"rendered":"<p>Bon dia! Despr\u00e9s d&#8217;una nit de descans, hem encetat el segon dia amb un bon esmorzar i m\u00e9s activitats: jocs, excursi\u00f3 al riu, capoeira&#8230;<br \/>\n<a href=\"https:\/\/photos.app.goo.gl\/JTvWzd8cyg7uMwfq8\">Segon dia de col\u00f2nies<\/a><\/p>\n","protected":false},"author":1,"featured_media":0,"comment_status":"open","ping_status":"closed","sticky":false,"template":"","format":"standard","meta":{"_bbp_topic_count":0,"_bbp_reply_count":0,"_bbp_total_topic_count":0,"_bbp_total_reply_count":0,"_bbp_voice_count":0,"_bbp_anonymous_reply_count":0,"_bbp_topic_count_hidden":0,"_bbp_reply_count_hidden":0,"_bbp_forum_subforum_count":0,"footnotes":""},"categories":[1,4,5],"tags":[65],"class_list":["post-1666","post","type-post","status-publish","format-standard","hentry","category-general","category-portada","category-primaria","tag-colonies"],"post_mailing_queue_ids":[],"_links":{"self":[{"href":"https:\/\/agora.xtec.cat\/ceip-torre-llauder-mataro\/wp-json\/wp\/v2\/posts\/1666","targetHints":{"allow":["GET"]}}],"collection":[{"href":"https:\/\/agora.xtec.cat\/ceip-torre-llauder-mataro\/wp-json\/wp\/v2\/posts"}],"about":[{"href":"https:\/\/agora.xtec.cat\/ceip-torre-llauder-mataro\/wp-json\/wp\/v2\/types\/post"}],"author":[{"embeddable":true,"href":"https:\/\/agora.xtec.cat\/ceip-torre-llauder-mataro\/wp-json\/wp\/v2\/users\/1"}],"replies":[{"embeddable":true,"href":"https:\/\/agora.xtec.cat\/ceip-torre-llauder-mataro\/wp-json\/wp\/v2\/comments?post=1666"}],"version-history":[{"count":1,"href":"https:\/\/agora.xtec.cat\/ceip-torre-llauder-mataro\/wp-json\/wp\/v2\/posts\/1666\/revisions"}],"predecessor-version":[{"id":1667,"href":"https:\/\/agora.xtec.cat\/ceip-torre-llauder-mataro\/wp-json\/wp\/v2\/posts\/1666\/revisions\/1667"}],"wp:attachment":[{"href":"https:\/\/agora.xtec.cat\/ceip-torre-llauder-mataro\/wp-json\/wp\/v2\/media?parent=1666"}],"wp:term":[{"taxonomy":"category","embeddable":true,"href":"https:\/\/agora.xtec.cat\/ceip-torre-llauder-mataro\/wp-json\/wp\/v2\/categories?post=1666"},{"taxonomy":"post_tag","embeddable":true,"href":"https:\/\/agora.xtec.cat\/ceip-torre-llauder-mataro\/wp-json\/wp\/v2\/tags?post=1666"}],"curies":[{"name":"wp","href":"https:\/\/api.w.org\/{rel}","templated":true}]}}