{"id":1664,"date":"2018-05-23T12:54:47","date_gmt":"2018-05-23T10:54:47","guid":{"rendered":"http:\/\/agora.xtec.cat\/ceip-torre-llauder-mataro\/?p=1664"},"modified":"2018-05-23T12:55:32","modified_gmt":"2018-05-23T10:55:32","slug":"colonies-primaria","status":"publish","type":"post","link":"https:\/\/agora.xtec.cat\/ceip-torre-llauder-mataro\/general\/colonies-primaria\/","title":{"rendered":"Col\u00f2nies Prim\u00e0ria"},"content":{"rendered":"<p>Avui els alumnes de Prim\u00e0ria han marxat de col\u00f2nies al Mol\u00ed Nou de Calabuig (B\u00e0scara, Girona). S&#8217;hi estaran fins divendres.\u00a0Ja han arribat tots i s&#8217;ho estan passant molt b\u00e9.<\/p>\n<p>Aqu\u00ed anirem posant les fotos dels diferents dies:<\/p>\n<p><a href=\"https:\/\/photos.app.goo.gl\/1xRoQJQqcV5Essda6\">Primer dia de Col\u00f2nies<\/a><\/p>\n","protected":false},"excerpt":{"rendered":"<p>Avui els alumnes de Prim\u00e0ria han marxat de col\u00f2nies al Mol\u00ed Nou de Calabuig (B\u00e0scara, Girona). S&#8217;hi estaran fins divendres.\u00a0Ja han arribat tots i s&#8217;ho estan passant molt b\u00e9.<br \/>\nAqu\u00ed anirem posant les fotos dels diferents dies:<br \/>\n<a href=\"https:\/\/photos.app.goo.gl\/1xRoQJQqcV5Essda6\">Primer dia de Col\u00f2nies<\/a><\/p>\n","protected":false},"author":1,"featured_media":0,"comment_status":"open","ping_status":"closed","sticky":false,"template":"","format":"standard","meta":{"_bbp_topic_count":0,"_bbp_reply_count":0,"_bbp_total_topic_count":0,"_bbp_total_reply_count":0,"_bbp_voice_count":0,"_bbp_anonymous_reply_count":0,"_bbp_topic_count_hidden":0,"_bbp_reply_count_hidden":0,"_bbp_forum_subforum_count":0,"footnotes":""},"categories":[1,4,5],"tags":[65],"class_list":["post-1664","post","type-post","status-publish","format-standard","hentry","category-general","category-portada","category-primaria","tag-colonies"],"post_mailing_queue_ids":[],"_links":{"self":[{"href":"https:\/\/agora.xtec.cat\/ceip-torre-llauder-mataro\/wp-json\/wp\/v2\/posts\/1664","targetHints":{"allow":["GET"]}}],"collection":[{"href":"https:\/\/agora.xtec.cat\/ceip-torre-llauder-mataro\/wp-json\/wp\/v2\/posts"}],"about":[{"href":"https:\/\/agora.xtec.cat\/ceip-torre-llauder-mataro\/wp-json\/wp\/v2\/types\/post"}],"author":[{"embeddable":true,"href":"https:\/\/agora.xtec.cat\/ceip-torre-llauder-mataro\/wp-json\/wp\/v2\/users\/1"}],"replies":[{"embeddable":true,"href":"https:\/\/agora.xtec.cat\/ceip-torre-llauder-mataro\/wp-json\/wp\/v2\/comments?post=1664"}],"version-history":[{"count":1,"href":"https:\/\/agora.xtec.cat\/ceip-torre-llauder-mataro\/wp-json\/wp\/v2\/posts\/1664\/revisions"}],"predecessor-version":[{"id":1665,"href":"https:\/\/agora.xtec.cat\/ceip-torre-llauder-mataro\/wp-json\/wp\/v2\/posts\/1664\/revisions\/1665"}],"wp:attachment":[{"href":"https:\/\/agora.xtec.cat\/ceip-torre-llauder-mataro\/wp-json\/wp\/v2\/media?parent=1664"}],"wp:term":[{"taxonomy":"category","embeddable":true,"href":"https:\/\/agora.xtec.cat\/ceip-torre-llauder-mataro\/wp-json\/wp\/v2\/categories?post=1664"},{"taxonomy":"post_tag","embeddable":true,"href":"https:\/\/agora.xtec.cat\/ceip-torre-llauder-mataro\/wp-json\/wp\/v2\/tags?post=1664"}],"curies":[{"name":"wp","href":"https:\/\/api.w.org\/{rel}","templated":true}]}}