{"id":1659,"date":"2018-05-13T11:05:05","date_gmt":"2018-05-13T09:05:05","guid":{"rendered":"http:\/\/agora.xtec.cat\/ceip-torre-llauder-mataro\/?p=1659"},"modified":"2018-05-13T11:05:05","modified_gmt":"2018-05-13T09:05:05","slug":"racons-p4-abril","status":"publish","type":"post","link":"https:\/\/agora.xtec.cat\/ceip-torre-llauder-mataro\/infantil\/i5\/racons-p4-abril\/","title":{"rendered":"RACONS P4 ABRIL"},"content":{"rendered":"<p>Consolidem el tema dels aliments i introdu\u00efm el tema dels ANIMALS, un tema molt motivador pels nens i nenes i a partir del qual s&#8217;inicia el treball de conceptes molt diversos (com s\u00f3n, on viuen, com es desplacen, que mengen, reproducci\u00f3&#8230;) A m\u00e9s durant les col\u00f2nies, els nens\/es han pogut con\u00e8ixer de manera vivencial els animals de la granja.<\/p>\n<p>I, com sempre, tamb\u00e9 se segueixen oferint propostes per treballar la creativitat, la psicomotricitat fina, la lectoescriptura, el gust per la lectura i per la muscia&#8230;<\/p>\n<p><a href=\"https:\/\/photos.app.goo.gl\/SE7HJF0t7zVoJxbF3\">P4 RACONS ABRIL<\/a><\/p>\n","protected":false},"excerpt":{"rendered":"<p>Consolidem el tema dels aliments i introdu\u00efm el tema dels ANIMALS, un tema molt motivador pels nens i nenes i a partir del qual s&#8217;inicia el treball de conceptes molt diversos (com s\u00f3n, on viuen, com es desplacen, que mengen, reproducci\u00f3&#8230;) A m\u00e9s durant les&hellip;  <a href=\"https:\/\/agora.xtec.cat\/ceip-torre-llauder-mataro\/infantil\/i5\/racons-p4-abril\/\" title=\"Read RACONS P4 ABRIL\">Llegeix m\u00e9s\u00bb<\/a><\/p>\n","protected":false},"author":21,"featured_media":0,"comment_status":"open","ping_status":"closed","sticky":false,"template":"","format":"standard","meta":{"_bbp_topic_count":0,"_bbp_reply_count":0,"_bbp_total_topic_count":0,"_bbp_total_reply_count":0,"_bbp_voice_count":0,"_bbp_anonymous_reply_count":0,"_bbp_topic_count_hidden":0,"_bbp_reply_count_hidden":0,"_bbp_forum_subforum_count":0,"footnotes":""},"categories":[8],"tags":[],"class_list":["post-1659","post","type-post","status-publish","format-standard","hentry","category-i5"],"post_mailing_queue_ids":[],"_links":{"self":[{"href":"https:\/\/agora.xtec.cat\/ceip-torre-llauder-mataro\/wp-json\/wp\/v2\/posts\/1659","targetHints":{"allow":["GET"]}}],"collection":[{"href":"https:\/\/agora.xtec.cat\/ceip-torre-llauder-mataro\/wp-json\/wp\/v2\/posts"}],"about":[{"href":"https:\/\/agora.xtec.cat\/ceip-torre-llauder-mataro\/wp-json\/wp\/v2\/types\/post"}],"author":[{"embeddable":true,"href":"https:\/\/agora.xtec.cat\/ceip-torre-llauder-mataro\/wp-json\/wp\/v2\/users\/21"}],"replies":[{"embeddable":true,"href":"https:\/\/agora.xtec.cat\/ceip-torre-llauder-mataro\/wp-json\/wp\/v2\/comments?post=1659"}],"version-history":[{"count":1,"href":"https:\/\/agora.xtec.cat\/ceip-torre-llauder-mataro\/wp-json\/wp\/v2\/posts\/1659\/revisions"}],"predecessor-version":[{"id":1660,"href":"https:\/\/agora.xtec.cat\/ceip-torre-llauder-mataro\/wp-json\/wp\/v2\/posts\/1659\/revisions\/1660"}],"wp:attachment":[{"href":"https:\/\/agora.xtec.cat\/ceip-torre-llauder-mataro\/wp-json\/wp\/v2\/media?parent=1659"}],"wp:term":[{"taxonomy":"category","embeddable":true,"href":"https:\/\/agora.xtec.cat\/ceip-torre-llauder-mataro\/wp-json\/wp\/v2\/categories?post=1659"},{"taxonomy":"post_tag","embeddable":true,"href":"https:\/\/agora.xtec.cat\/ceip-torre-llauder-mataro\/wp-json\/wp\/v2\/tags?post=1659"}],"curies":[{"name":"wp","href":"https:\/\/api.w.org\/{rel}","templated":true}]}}