{"id":1652,"date":"2018-05-11T14:00:07","date_gmt":"2018-05-11T12:00:07","guid":{"rendered":"http:\/\/agora.xtec.cat\/ceip-torre-llauder-mataro\/?p=1652"},"modified":"2018-05-11T18:49:12","modified_gmt":"2018-05-11T16:49:12","slug":"taller-de-circ-5e","status":"publish","type":"post","link":"https:\/\/agora.xtec.cat\/ceip-torre-llauder-mataro\/general\/taller-de-circ-5e\/","title":{"rendered":"Taller de Circ (5\u00e8)"},"content":{"rendered":"<p>El passat dimarts 8 de maig, els alumnes de 5\u00e8 van poder gaudir d&#8217;un <strong>Taller de Circ<\/strong> amb la companyia <em>CRONOPIS<\/em> de Matar\u00f3.<\/p>\n<p>A continuaci\u00f3 podeu veure les fotos i els v\u00eddeos dels malabars, acrob\u00e0cies, equilibris i trapezi.<\/p>\n<p>&nbsp;<\/p>\n<p><a href=\"https:\/\/photos.app.goo.gl\/V2XFWE6D7S3HQzbJA\">https:\/\/photos.app.goo.gl\/V2XFWE6D7S3HQzbJA<\/a><\/p>\n","protected":false},"excerpt":{"rendered":"<p>El passat dimarts 8 de maig, els alumnes de 5\u00e8 van poder gaudir d&#8217;un Taller de Circ amb la companyia CRONOPIS de Matar\u00f3.<br \/>\nA continuaci\u00f3 podeu veure les fotos i els v\u00eddeos dels malabars, acrob\u00e0cies, equilibris i trapezi.<br \/>\n&nbsp;<br \/>\n<a href=\"https:\/\/photos.app.goo.gl\/V2XFWE6D7S3HQzbJA\">https:\/\/photos.app.goo.gl\/V2XFWE6D7S3HQzbJA<\/a><\/p>\n","protected":false},"author":24,"featured_media":0,"comment_status":"open","ping_status":"closed","sticky":false,"template":"","format":"standard","meta":{"_bbp_topic_count":0,"_bbp_reply_count":0,"_bbp_total_topic_count":0,"_bbp_total_reply_count":0,"_bbp_voice_count":0,"_bbp_anonymous_reply_count":0,"_bbp_topic_count_hidden":0,"_bbp_reply_count_hidden":0,"_bbp_forum_subforum_count":0,"footnotes":""},"categories":[14,1,4],"tags":[79],"class_list":["post-1652","post","type-post","status-publish","format-standard","hentry","category-6e","category-general","category-portada","tag-circ"],"post_mailing_queue_ids":[],"_links":{"self":[{"href":"https:\/\/agora.xtec.cat\/ceip-torre-llauder-mataro\/wp-json\/wp\/v2\/posts\/1652","targetHints":{"allow":["GET"]}}],"collection":[{"href":"https:\/\/agora.xtec.cat\/ceip-torre-llauder-mataro\/wp-json\/wp\/v2\/posts"}],"about":[{"href":"https:\/\/agora.xtec.cat\/ceip-torre-llauder-mataro\/wp-json\/wp\/v2\/types\/post"}],"author":[{"embeddable":true,"href":"https:\/\/agora.xtec.cat\/ceip-torre-llauder-mataro\/wp-json\/wp\/v2\/users\/24"}],"replies":[{"embeddable":true,"href":"https:\/\/agora.xtec.cat\/ceip-torre-llauder-mataro\/wp-json\/wp\/v2\/comments?post=1652"}],"version-history":[{"count":2,"href":"https:\/\/agora.xtec.cat\/ceip-torre-llauder-mataro\/wp-json\/wp\/v2\/posts\/1652\/revisions"}],"predecessor-version":[{"id":1654,"href":"https:\/\/agora.xtec.cat\/ceip-torre-llauder-mataro\/wp-json\/wp\/v2\/posts\/1652\/revisions\/1654"}],"wp:attachment":[{"href":"https:\/\/agora.xtec.cat\/ceip-torre-llauder-mataro\/wp-json\/wp\/v2\/media?parent=1652"}],"wp:term":[{"taxonomy":"category","embeddable":true,"href":"https:\/\/agora.xtec.cat\/ceip-torre-llauder-mataro\/wp-json\/wp\/v2\/categories?post=1652"},{"taxonomy":"post_tag","embeddable":true,"href":"https:\/\/agora.xtec.cat\/ceip-torre-llauder-mataro\/wp-json\/wp\/v2\/tags?post=1652"}],"curies":[{"name":"wp","href":"https:\/\/api.w.org\/{rel}","templated":true}]}}