{"id":1620,"date":"2018-05-03T11:17:43","date_gmt":"2018-05-03T09:17:43","guid":{"rendered":"http:\/\/agora.xtec.cat\/ceip-torre-llauder-mataro\/?p=1620"},"modified":"2018-05-04T17:45:18","modified_gmt":"2018-05-04T15:45:18","slug":"colonies-ed-infantil-can-montcau","status":"publish","type":"post","link":"https:\/\/agora.xtec.cat\/ceip-torre-llauder-mataro\/general\/colonies-ed-infantil-can-montcau\/","title":{"rendered":"COL\u00d2NIES ED. INFANTIL (CAN MONTCAU)"},"content":{"rendered":"<p>Eiiiii, fam\u00edlies!!<\/p>\n<p>Ja hem arribat a Can Montcau, hem esmorzat i hem comen\u00e7at a fer l&#8217;activitat del mat\u00ed: MELMELADAAA DE POMAAA!!<\/p>\n<p>Fa molt bon dia i estem molt emocionats i emocionades!!<\/p>\n<p>Tenim problemes amb la connexi\u00f3 per pujar fotos, ho estem intentant per\u00f2 est\u00e0 costant&#8230;Seguim molt b\u00e9 tot i que han caigut 4 gotes!!<\/p>\n<p>A la tarda bosses d&#8217;olor amb roman\u00ed i passejada pel bosc.<\/p>\n<p><a href=\"https:\/\/photos.app.goo.gl\/hMMO8f3IwH7iT2yG3\">Primer dia de col\u00f2nies<\/a><\/p>\n<p>Bon diaaa!!<\/p>\n<p>Ja ens hem llevat i esmorzat! Estem visitant la granja, coneixerem la vaca Violeta i farem mat\u00f3.<\/p>\n<p><a href=\"https:\/\/photos.app.goo.gl\/R2Ky7M5AFMYMOjw72\">Segon dia de col\u00f2nies<\/a><\/p>\n<p>Ja estem a l&#8217;autocar de tornada. Venim carregats\/es d&#8217;hist\u00f2ries, aventures i sorpreses!!<\/p>\n<p><a href=\"https:\/\/photos.app.goo.gl\/wS1ooVHPsIVv5ghy2\">Tornada<\/a><\/p>\n<p>&nbsp;<\/p>\n","protected":false},"excerpt":{"rendered":"<p>Eiiiii, fam\u00edlies!!<br \/>\nJa hem arribat a Can Montcau, hem esmorzat i hem comen\u00e7at a fer l&#8217;activitat del mat\u00ed: MELMELADAAA DE POMAAA!!<br \/>\nFa molt bon dia i estem molt emocionats i emocionades!!<br \/>\nTenim problemes amb la connexi\u00f3 per pujar fotos, ho estem intentant per\u00f2 est\u00e0 costant&#8230;Seguim molt b\u00e9 tot&hellip;  <a href=\"https:\/\/agora.xtec.cat\/ceip-torre-llauder-mataro\/general\/colonies-ed-infantil-can-montcau\/\" title=\"Read COL\u00d2NIES ED. INFANTIL (CAN MONTCAU)\">Llegeix m\u00e9s\u00bb<\/a><\/p>\n","protected":false},"author":21,"featured_media":0,"comment_status":"open","ping_status":"closed","sticky":false,"template":"","format":"standard","meta":{"_bbp_topic_count":0,"_bbp_reply_count":0,"_bbp_total_topic_count":0,"_bbp_total_reply_count":0,"_bbp_voice_count":0,"_bbp_anonymous_reply_count":0,"_bbp_topic_count_hidden":0,"_bbp_reply_count_hidden":0,"_bbp_forum_subforum_count":0,"footnotes":""},"categories":[9,1,3,8,2,4],"tags":[],"class_list":["post-1620","post","type-post","status-publish","format-standard","hentry","category-1r","category-general","category-i4","category-i5","category-infantil","category-portada"],"post_mailing_queue_ids":[],"_links":{"self":[{"href":"https:\/\/agora.xtec.cat\/ceip-torre-llauder-mataro\/wp-json\/wp\/v2\/posts\/1620","targetHints":{"allow":["GET"]}}],"collection":[{"href":"https:\/\/agora.xtec.cat\/ceip-torre-llauder-mataro\/wp-json\/wp\/v2\/posts"}],"about":[{"href":"https:\/\/agora.xtec.cat\/ceip-torre-llauder-mataro\/wp-json\/wp\/v2\/types\/post"}],"author":[{"embeddable":true,"href":"https:\/\/agora.xtec.cat\/ceip-torre-llauder-mataro\/wp-json\/wp\/v2\/users\/21"}],"replies":[{"embeddable":true,"href":"https:\/\/agora.xtec.cat\/ceip-torre-llauder-mataro\/wp-json\/wp\/v2\/comments?post=1620"}],"version-history":[{"count":3,"href":"https:\/\/agora.xtec.cat\/ceip-torre-llauder-mataro\/wp-json\/wp\/v2\/posts\/1620\/revisions"}],"predecessor-version":[{"id":1631,"href":"https:\/\/agora.xtec.cat\/ceip-torre-llauder-mataro\/wp-json\/wp\/v2\/posts\/1620\/revisions\/1631"}],"wp:attachment":[{"href":"https:\/\/agora.xtec.cat\/ceip-torre-llauder-mataro\/wp-json\/wp\/v2\/media?parent=1620"}],"wp:term":[{"taxonomy":"category","embeddable":true,"href":"https:\/\/agora.xtec.cat\/ceip-torre-llauder-mataro\/wp-json\/wp\/v2\/categories?post=1620"},{"taxonomy":"post_tag","embeddable":true,"href":"https:\/\/agora.xtec.cat\/ceip-torre-llauder-mataro\/wp-json\/wp\/v2\/tags?post=1620"}],"curies":[{"name":"wp","href":"https:\/\/api.w.org\/{rel}","templated":true}]}}