{"id":1596,"date":"2018-04-25T12:41:03","date_gmt":"2018-04-25T10:41:03","guid":{"rendered":"http:\/\/agora.xtec.cat\/ceip-torre-llauder-mataro\/?p=1596"},"modified":"2018-04-25T12:41:03","modified_gmt":"2018-04-25T10:41:03","slug":"p3-anem-al-mercat","status":"publish","type":"post","link":"https:\/\/agora.xtec.cat\/ceip-torre-llauder-mataro\/general\/p3-anem-al-mercat\/","title":{"rendered":"P3 anem al mercat"},"content":{"rendered":"<p>Els nens i nenes de P3 hem anat al mercat de la Pla\u00e7a de Cuba a comprar fruita i al dia seg\u00fcent durant la sessi\u00f3 d&#8217;experimentaci\u00f3 les hem tastat, mmm&#8230;que bones!<\/p>\n<p><a href=\"https:\/\/photos.app.goo.gl\/VrDe0l0YbLP6SN6P2\" target=\"_blank\" rel=\"noopener noreferrer\">Podeu veure aqu\u00ed les fotos<\/a><\/p>\n","protected":false},"excerpt":{"rendered":"<p>Els nens i nenes de P3 hem anat al mercat de la Pla\u00e7a de Cuba a comprar fruita i al dia seg\u00fcent durant la sessi\u00f3 d&#8217;experimentaci\u00f3 les hem tastat, mmm&#8230;que bones!<br \/>\n<a href=\"https:\/\/photos.app.goo.gl\/VrDe0l0YbLP6SN6P2\" target=\"_blank\" rel=\"noopener noreferrer\">Podeu veure aqu\u00ed les fotos<\/a><\/p>\n","protected":false},"author":1,"featured_media":0,"comment_status":"open","ping_status":"closed","sticky":false,"template":"","format":"standard","meta":{"_bbp_topic_count":0,"_bbp_reply_count":0,"_bbp_total_topic_count":0,"_bbp_total_reply_count":0,"_bbp_voice_count":0,"_bbp_anonymous_reply_count":0,"_bbp_topic_count_hidden":0,"_bbp_reply_count_hidden":0,"_bbp_forum_subforum_count":0,"footnotes":""},"categories":[1,3,2,4],"tags":[],"class_list":["post-1596","post","type-post","status-publish","format-standard","hentry","category-general","category-i4","category-infantil","category-portada"],"post_mailing_queue_ids":[],"_links":{"self":[{"href":"https:\/\/agora.xtec.cat\/ceip-torre-llauder-mataro\/wp-json\/wp\/v2\/posts\/1596","targetHints":{"allow":["GET"]}}],"collection":[{"href":"https:\/\/agora.xtec.cat\/ceip-torre-llauder-mataro\/wp-json\/wp\/v2\/posts"}],"about":[{"href":"https:\/\/agora.xtec.cat\/ceip-torre-llauder-mataro\/wp-json\/wp\/v2\/types\/post"}],"author":[{"embeddable":true,"href":"https:\/\/agora.xtec.cat\/ceip-torre-llauder-mataro\/wp-json\/wp\/v2\/users\/1"}],"replies":[{"embeddable":true,"href":"https:\/\/agora.xtec.cat\/ceip-torre-llauder-mataro\/wp-json\/wp\/v2\/comments?post=1596"}],"version-history":[{"count":1,"href":"https:\/\/agora.xtec.cat\/ceip-torre-llauder-mataro\/wp-json\/wp\/v2\/posts\/1596\/revisions"}],"predecessor-version":[{"id":1597,"href":"https:\/\/agora.xtec.cat\/ceip-torre-llauder-mataro\/wp-json\/wp\/v2\/posts\/1596\/revisions\/1597"}],"wp:attachment":[{"href":"https:\/\/agora.xtec.cat\/ceip-torre-llauder-mataro\/wp-json\/wp\/v2\/media?parent=1596"}],"wp:term":[{"taxonomy":"category","embeddable":true,"href":"https:\/\/agora.xtec.cat\/ceip-torre-llauder-mataro\/wp-json\/wp\/v2\/categories?post=1596"},{"taxonomy":"post_tag","embeddable":true,"href":"https:\/\/agora.xtec.cat\/ceip-torre-llauder-mataro\/wp-json\/wp\/v2\/tags?post=1596"}],"curies":[{"name":"wp","href":"https:\/\/api.w.org\/{rel}","templated":true}]}}