{"id":1592,"date":"2018-04-19T21:53:51","date_gmt":"2018-04-19T19:53:51","guid":{"rendered":"http:\/\/agora.xtec.cat\/ceip-torre-llauder-mataro\/?p=1592"},"modified":"2018-04-19T21:53:51","modified_gmt":"2018-04-19T19:53:51","slug":"ca-larenas-p4","status":"publish","type":"post","link":"https:\/\/agora.xtec.cat\/ceip-torre-llauder-mataro\/infantil\/i5\/ca-larenas-p4\/","title":{"rendered":"CA L&#8217;ARENAS P4"},"content":{"rendered":"<p>Sempre \u00e9s un plaer anar al museu de Ca l&#8217;Arenas on ens esperen unes propostes art\u00edstiques adaptades a cada curs. P4 hem fet &#8220;onades&#8221;, hem escoltat un conte preci\u00f3s sobre la platja, les onades i els tresors del mar. Hem vist una petita animaci\u00f3 amb les imatges del conte i despr\u00e9s hem pogut jugar i crear una platja. Hem escoltat el mar amb els cargols i ens hem posat unes ulleres i ho veiem tot blau, com a sota del mar!<\/p>\n<p>A m\u00e9s, hem aprofitat per passejar i fer les cames fortes que sempre va b\u00e9!<\/p>\n<p>Podeu veure aqu\u00ed <a href=\"https:\/\/photos.app.goo.gl\/nLl5XB2Q6YFbiSwD2\">les fotos.<\/a><\/p>\n","protected":false},"excerpt":{"rendered":"<p>Sempre \u00e9s un plaer anar al museu de Ca l&#8217;Arenas on ens esperen unes propostes art\u00edstiques adaptades a cada curs. P4 hem fet &#8220;onades&#8221;, hem escoltat un conte preci\u00f3s sobre la platja, les onades i els tresors del mar. Hem vist una petita animaci\u00f3 amb&hellip;  <a href=\"https:\/\/agora.xtec.cat\/ceip-torre-llauder-mataro\/infantil\/i5\/ca-larenas-p4\/\" title=\"Read CA L&#8217;ARENAS P4\">Llegeix m\u00e9s\u00bb<\/a><\/p>\n","protected":false},"author":21,"featured_media":0,"comment_status":"open","ping_status":"closed","sticky":false,"template":"","format":"standard","meta":{"_bbp_topic_count":0,"_bbp_reply_count":0,"_bbp_total_topic_count":0,"_bbp_total_reply_count":0,"_bbp_voice_count":0,"_bbp_anonymous_reply_count":0,"_bbp_topic_count_hidden":0,"_bbp_reply_count_hidden":0,"_bbp_forum_subforum_count":0,"footnotes":""},"categories":[8],"tags":[],"class_list":["post-1592","post","type-post","status-publish","format-standard","hentry","category-i5"],"post_mailing_queue_ids":[],"_links":{"self":[{"href":"https:\/\/agora.xtec.cat\/ceip-torre-llauder-mataro\/wp-json\/wp\/v2\/posts\/1592","targetHints":{"allow":["GET"]}}],"collection":[{"href":"https:\/\/agora.xtec.cat\/ceip-torre-llauder-mataro\/wp-json\/wp\/v2\/posts"}],"about":[{"href":"https:\/\/agora.xtec.cat\/ceip-torre-llauder-mataro\/wp-json\/wp\/v2\/types\/post"}],"author":[{"embeddable":true,"href":"https:\/\/agora.xtec.cat\/ceip-torre-llauder-mataro\/wp-json\/wp\/v2\/users\/21"}],"replies":[{"embeddable":true,"href":"https:\/\/agora.xtec.cat\/ceip-torre-llauder-mataro\/wp-json\/wp\/v2\/comments?post=1592"}],"version-history":[{"count":1,"href":"https:\/\/agora.xtec.cat\/ceip-torre-llauder-mataro\/wp-json\/wp\/v2\/posts\/1592\/revisions"}],"predecessor-version":[{"id":1593,"href":"https:\/\/agora.xtec.cat\/ceip-torre-llauder-mataro\/wp-json\/wp\/v2\/posts\/1592\/revisions\/1593"}],"wp:attachment":[{"href":"https:\/\/agora.xtec.cat\/ceip-torre-llauder-mataro\/wp-json\/wp\/v2\/media?parent=1592"}],"wp:term":[{"taxonomy":"category","embeddable":true,"href":"https:\/\/agora.xtec.cat\/ceip-torre-llauder-mataro\/wp-json\/wp\/v2\/categories?post=1592"},{"taxonomy":"post_tag","embeddable":true,"href":"https:\/\/agora.xtec.cat\/ceip-torre-llauder-mataro\/wp-json\/wp\/v2\/tags?post=1592"}],"curies":[{"name":"wp","href":"https:\/\/api.w.org\/{rel}","templated":true}]}}