{"id":1575,"date":"2018-04-16T20:04:28","date_gmt":"2018-04-16T18:04:28","guid":{"rendered":"http:\/\/agora.xtec.cat\/ceip-torre-llauder-mataro\/?p=1575"},"modified":"2018-04-16T20:04:28","modified_gmt":"2018-04-16T18:04:28","slug":"aprenem-a-fer-nusos-p4","status":"publish","type":"post","link":"https:\/\/agora.xtec.cat\/ceip-torre-llauder-mataro\/infantil\/i5\/aprenem-a-fer-nusos-p4\/","title":{"rendered":"APRENEM A FER NUSOS (P4)"},"content":{"rendered":"<p>Ens encanta la primavera i per aix\u00f2 volem deixar l&#8217;escola ben xula. Seguim decorant fent un mural ple de colors i tamb\u00e9 convertim l&#8217;arbre del vest\u00edbul amb un desmai. Aprofitem la sessi\u00f3 d&#8217;experimentaci\u00f3 per practicar o\u00a0aprendre a fer nusos. Ho hem passat molt b\u00e9 i ens est\u00e0 quedant molt bonic.<\/p>\n<p><a href=\"https:\/\/photos.app.goo.gl\/JZmwOCVOS01ZDEzj2\">primavera<\/a><\/p>\n","protected":false},"excerpt":{"rendered":"<p>Ens encanta la primavera i per aix\u00f2 volem deixar l&#8217;escola ben xula. Seguim decorant fent un mural ple de colors i tamb\u00e9 convertim l&#8217;arbre del vest\u00edbul amb un desmai. Aprofitem la sessi\u00f3 d&#8217;experimentaci\u00f3 per practicar o\u00a0aprendre a fer nusos. Ho hem passat molt b\u00e9 i&hellip;  <a href=\"https:\/\/agora.xtec.cat\/ceip-torre-llauder-mataro\/infantil\/i5\/aprenem-a-fer-nusos-p4\/\" title=\"Read APRENEM A FER NUSOS (P4)\">Llegeix m\u00e9s\u00bb<\/a><\/p>\n","protected":false},"author":21,"featured_media":0,"comment_status":"open","ping_status":"closed","sticky":false,"template":"","format":"standard","meta":{"_bbp_topic_count":0,"_bbp_reply_count":0,"_bbp_total_topic_count":0,"_bbp_total_reply_count":0,"_bbp_voice_count":0,"_bbp_anonymous_reply_count":0,"_bbp_topic_count_hidden":0,"_bbp_reply_count_hidden":0,"_bbp_forum_subforum_count":0,"footnotes":""},"categories":[8],"tags":[],"class_list":["post-1575","post","type-post","status-publish","format-standard","hentry","category-i5"],"post_mailing_queue_ids":[],"_links":{"self":[{"href":"https:\/\/agora.xtec.cat\/ceip-torre-llauder-mataro\/wp-json\/wp\/v2\/posts\/1575","targetHints":{"allow":["GET"]}}],"collection":[{"href":"https:\/\/agora.xtec.cat\/ceip-torre-llauder-mataro\/wp-json\/wp\/v2\/posts"}],"about":[{"href":"https:\/\/agora.xtec.cat\/ceip-torre-llauder-mataro\/wp-json\/wp\/v2\/types\/post"}],"author":[{"embeddable":true,"href":"https:\/\/agora.xtec.cat\/ceip-torre-llauder-mataro\/wp-json\/wp\/v2\/users\/21"}],"replies":[{"embeddable":true,"href":"https:\/\/agora.xtec.cat\/ceip-torre-llauder-mataro\/wp-json\/wp\/v2\/comments?post=1575"}],"version-history":[{"count":1,"href":"https:\/\/agora.xtec.cat\/ceip-torre-llauder-mataro\/wp-json\/wp\/v2\/posts\/1575\/revisions"}],"predecessor-version":[{"id":1576,"href":"https:\/\/agora.xtec.cat\/ceip-torre-llauder-mataro\/wp-json\/wp\/v2\/posts\/1575\/revisions\/1576"}],"wp:attachment":[{"href":"https:\/\/agora.xtec.cat\/ceip-torre-llauder-mataro\/wp-json\/wp\/v2\/media?parent=1575"}],"wp:term":[{"taxonomy":"category","embeddable":true,"href":"https:\/\/agora.xtec.cat\/ceip-torre-llauder-mataro\/wp-json\/wp\/v2\/categories?post=1575"},{"taxonomy":"post_tag","embeddable":true,"href":"https:\/\/agora.xtec.cat\/ceip-torre-llauder-mataro\/wp-json\/wp\/v2\/tags?post=1575"}],"curies":[{"name":"wp","href":"https:\/\/api.w.org\/{rel}","templated":true}]}}