{"id":1563,"date":"2018-03-23T21:06:46","date_gmt":"2018-03-23T20:06:46","guid":{"rendered":"http:\/\/agora.xtec.cat\/ceip-torre-llauder-mataro\/?p=1563"},"modified":"2018-03-23T22:31:15","modified_gmt":"2018-03-23T21:31:15","slug":"sortida-al-corredor-23032018","status":"publish","type":"post","link":"https:\/\/agora.xtec.cat\/ceip-torre-llauder-mataro\/general\/sortida-al-corredor-23032018\/","title":{"rendered":"SORTIDA AL CORREDOR (23\/03\/2018)"},"content":{"rendered":"<p>Com ja \u00e9s tradici\u00f3 acabem el 2n trimestre amb l&#8217;<strong>excursi\u00f3 de la primavera<\/strong>: el Corredor ens espera cada any!! Ha fet un dia fant\u00e0stic i ho hem passat molt b\u00e9, hem pogut c\u00f3rrer, saltar, escalar, fer la croqueta i, en definitiva, gaudir de la muntanya i de toooots els companys i companyes de l&#8217;escola.<\/p>\n<p>Mireu les fotos de la<a href=\"https:\/\/photos.app.goo.gl\/I1WzNCMu0f75b8Lr1\"> sortida de primavera!<\/a><\/p>\n","protected":false},"excerpt":{"rendered":"<p>Com ja \u00e9s tradici\u00f3 acabem el 2n trimestre amb l&#8217;excursi\u00f3 de la primavera: el Corredor ens espera cada any!! Ha fet un dia fant\u00e0stic i ho hem passat molt b\u00e9, hem pogut c\u00f3rrer, saltar, escalar, fer la croqueta i, en definitiva, gaudir de la muntanya&hellip;  <a href=\"https:\/\/agora.xtec.cat\/ceip-torre-llauder-mataro\/general\/sortida-al-corredor-23032018\/\" title=\"Read SORTIDA AL CORREDOR (23\/03\/2018)\">Llegeix m\u00e9s\u00bb<\/a><\/p>\n","protected":false},"author":21,"featured_media":0,"comment_status":"open","ping_status":"closed","sticky":false,"template":"","format":"standard","meta":{"_bbp_topic_count":0,"_bbp_reply_count":0,"_bbp_total_topic_count":0,"_bbp_total_reply_count":0,"_bbp_voice_count":0,"_bbp_anonymous_reply_count":0,"_bbp_topic_count_hidden":0,"_bbp_reply_count_hidden":0,"_bbp_forum_subforum_count":0,"footnotes":""},"categories":[1,2,4,5],"tags":[],"class_list":["post-1563","post","type-post","status-publish","format-standard","hentry","category-general","category-infantil","category-portada","category-primaria"],"post_mailing_queue_ids":[],"_links":{"self":[{"href":"https:\/\/agora.xtec.cat\/ceip-torre-llauder-mataro\/wp-json\/wp\/v2\/posts\/1563","targetHints":{"allow":["GET"]}}],"collection":[{"href":"https:\/\/agora.xtec.cat\/ceip-torre-llauder-mataro\/wp-json\/wp\/v2\/posts"}],"about":[{"href":"https:\/\/agora.xtec.cat\/ceip-torre-llauder-mataro\/wp-json\/wp\/v2\/types\/post"}],"author":[{"embeddable":true,"href":"https:\/\/agora.xtec.cat\/ceip-torre-llauder-mataro\/wp-json\/wp\/v2\/users\/21"}],"replies":[{"embeddable":true,"href":"https:\/\/agora.xtec.cat\/ceip-torre-llauder-mataro\/wp-json\/wp\/v2\/comments?post=1563"}],"version-history":[{"count":3,"href":"https:\/\/agora.xtec.cat\/ceip-torre-llauder-mataro\/wp-json\/wp\/v2\/posts\/1563\/revisions"}],"predecessor-version":[{"id":1567,"href":"https:\/\/agora.xtec.cat\/ceip-torre-llauder-mataro\/wp-json\/wp\/v2\/posts\/1563\/revisions\/1567"}],"wp:attachment":[{"href":"https:\/\/agora.xtec.cat\/ceip-torre-llauder-mataro\/wp-json\/wp\/v2\/media?parent=1563"}],"wp:term":[{"taxonomy":"category","embeddable":true,"href":"https:\/\/agora.xtec.cat\/ceip-torre-llauder-mataro\/wp-json\/wp\/v2\/categories?post=1563"},{"taxonomy":"post_tag","embeddable":true,"href":"https:\/\/agora.xtec.cat\/ceip-torre-llauder-mataro\/wp-json\/wp\/v2\/tags?post=1563"}],"curies":[{"name":"wp","href":"https:\/\/api.w.org\/{rel}","templated":true}]}}