{"id":1561,"date":"2018-03-22T20:30:45","date_gmt":"2018-03-22T19:30:45","guid":{"rendered":"http:\/\/agora.xtec.cat\/ceip-torre-llauder-mataro\/?p=1561"},"modified":"2018-03-22T20:30:45","modified_gmt":"2018-03-22T19:30:45","slug":"recta-final-del-2n-trimestre-p4","status":"publish","type":"post","link":"https:\/\/agora.xtec.cat\/ceip-torre-llauder-mataro\/infantil\/recta-final-del-2n-trimestre-p4\/","title":{"rendered":"RECTA FINAL DEL 2n TRIMESTRE P4"},"content":{"rendered":"<p>Hem aprofitat aquesta \u00faltima setmana abans de les vacances per fer la tapa de l&#8217;\u00e0lbum, elaborar l&#8217;\u00e0lbum i tamb\u00e9 per comen\u00e7ar a decorar l&#8217;escola amb la recent inaugurada primavera!!<\/p>\n<p><a href=\"https:\/\/photos.app.goo.gl\/egYUN7nEB9exZXZB3\">Mireu les fotos<\/a><\/p>\n","protected":false},"excerpt":{"rendered":"<p>Hem aprofitat aquesta \u00faltima setmana abans de les vacances per fer la tapa de l&#8217;\u00e0lbum, elaborar l&#8217;\u00e0lbum i tamb\u00e9 per comen\u00e7ar a decorar l&#8217;escola amb la recent inaugurada primavera!!<br \/>\n<a href=\"https:\/\/photos.app.goo.gl\/egYUN7nEB9exZXZB3\">Mireu les fotos<\/a><\/p>\n","protected":false},"author":21,"featured_media":0,"comment_status":"open","ping_status":"closed","sticky":false,"template":"","format":"standard","meta":{"_bbp_topic_count":0,"_bbp_reply_count":0,"_bbp_total_topic_count":0,"_bbp_total_reply_count":0,"_bbp_voice_count":0,"_bbp_anonymous_reply_count":0,"_bbp_topic_count_hidden":0,"_bbp_reply_count_hidden":0,"_bbp_forum_subforum_count":0,"footnotes":""},"categories":[8,2],"tags":[],"class_list":["post-1561","post","type-post","status-publish","format-standard","hentry","category-i5","category-infantil"],"post_mailing_queue_ids":[],"_links":{"self":[{"href":"https:\/\/agora.xtec.cat\/ceip-torre-llauder-mataro\/wp-json\/wp\/v2\/posts\/1561","targetHints":{"allow":["GET"]}}],"collection":[{"href":"https:\/\/agora.xtec.cat\/ceip-torre-llauder-mataro\/wp-json\/wp\/v2\/posts"}],"about":[{"href":"https:\/\/agora.xtec.cat\/ceip-torre-llauder-mataro\/wp-json\/wp\/v2\/types\/post"}],"author":[{"embeddable":true,"href":"https:\/\/agora.xtec.cat\/ceip-torre-llauder-mataro\/wp-json\/wp\/v2\/users\/21"}],"replies":[{"embeddable":true,"href":"https:\/\/agora.xtec.cat\/ceip-torre-llauder-mataro\/wp-json\/wp\/v2\/comments?post=1561"}],"version-history":[{"count":1,"href":"https:\/\/agora.xtec.cat\/ceip-torre-llauder-mataro\/wp-json\/wp\/v2\/posts\/1561\/revisions"}],"predecessor-version":[{"id":1562,"href":"https:\/\/agora.xtec.cat\/ceip-torre-llauder-mataro\/wp-json\/wp\/v2\/posts\/1561\/revisions\/1562"}],"wp:attachment":[{"href":"https:\/\/agora.xtec.cat\/ceip-torre-llauder-mataro\/wp-json\/wp\/v2\/media?parent=1561"}],"wp:term":[{"taxonomy":"category","embeddable":true,"href":"https:\/\/agora.xtec.cat\/ceip-torre-llauder-mataro\/wp-json\/wp\/v2\/categories?post=1561"},{"taxonomy":"post_tag","embeddable":true,"href":"https:\/\/agora.xtec.cat\/ceip-torre-llauder-mataro\/wp-json\/wp\/v2\/tags?post=1561"}],"curies":[{"name":"wp","href":"https:\/\/api.w.org\/{rel}","templated":true}]}}