{"id":1551,"date":"2018-03-22T19:15:01","date_gmt":"2018-03-22T18:15:01","guid":{"rendered":"http:\/\/agora.xtec.cat\/ceip-torre-llauder-mataro\/?p=1551"},"modified":"2018-03-22T19:21:03","modified_gmt":"2018-03-22T18:21:03","slug":"racons-marc-p4","status":"publish","type":"post","link":"https:\/\/agora.xtec.cat\/ceip-torre-llauder-mataro\/infantil\/i5\/racons-marc-p4\/","title":{"rendered":"RACONS MAR\u00c7 P4"},"content":{"rendered":"<p>Podeu veure les fotos dels racons de mar\u00e7 en el seg\u00fcent <a href=\"https:\/\/photos.app.goo.gl\/2EPE5zlQ4wkOWwUx2\">enlla\u00e7<\/a>, veureu que b\u00e9 s&#8217;ho passen, tot all\u00f2 que aprenen i com es van organitzant cada cop millor per passar per tots els racons.<\/p>\n","protected":false},"excerpt":{"rendered":"<p>Podeu veure les fotos dels racons de mar\u00e7 en el seg\u00fcent <a href=\"https:\/\/photos.app.goo.gl\/2EPE5zlQ4wkOWwUx2\">enlla\u00e7<\/a>, veureu que b\u00e9 s&#8217;ho passen, tot all\u00f2 que aprenen i com es van organitzant cada cop millor per passar per tots els racons.<\/p>\n","protected":false},"author":21,"featured_media":0,"comment_status":"open","ping_status":"closed","sticky":false,"template":"","format":"standard","meta":{"_bbp_topic_count":0,"_bbp_reply_count":0,"_bbp_total_topic_count":0,"_bbp_total_reply_count":0,"_bbp_voice_count":0,"_bbp_anonymous_reply_count":0,"_bbp_topic_count_hidden":0,"_bbp_reply_count_hidden":0,"_bbp_forum_subforum_count":0,"footnotes":""},"categories":[8],"tags":[],"class_list":["post-1551","post","type-post","status-publish","format-standard","hentry","category-i5"],"post_mailing_queue_ids":[],"_links":{"self":[{"href":"https:\/\/agora.xtec.cat\/ceip-torre-llauder-mataro\/wp-json\/wp\/v2\/posts\/1551","targetHints":{"allow":["GET"]}}],"collection":[{"href":"https:\/\/agora.xtec.cat\/ceip-torre-llauder-mataro\/wp-json\/wp\/v2\/posts"}],"about":[{"href":"https:\/\/agora.xtec.cat\/ceip-torre-llauder-mataro\/wp-json\/wp\/v2\/types\/post"}],"author":[{"embeddable":true,"href":"https:\/\/agora.xtec.cat\/ceip-torre-llauder-mataro\/wp-json\/wp\/v2\/users\/21"}],"replies":[{"embeddable":true,"href":"https:\/\/agora.xtec.cat\/ceip-torre-llauder-mataro\/wp-json\/wp\/v2\/comments?post=1551"}],"version-history":[{"count":2,"href":"https:\/\/agora.xtec.cat\/ceip-torre-llauder-mataro\/wp-json\/wp\/v2\/posts\/1551\/revisions"}],"predecessor-version":[{"id":1555,"href":"https:\/\/agora.xtec.cat\/ceip-torre-llauder-mataro\/wp-json\/wp\/v2\/posts\/1551\/revisions\/1555"}],"wp:attachment":[{"href":"https:\/\/agora.xtec.cat\/ceip-torre-llauder-mataro\/wp-json\/wp\/v2\/media?parent=1551"}],"wp:term":[{"taxonomy":"category","embeddable":true,"href":"https:\/\/agora.xtec.cat\/ceip-torre-llauder-mataro\/wp-json\/wp\/v2\/categories?post=1551"},{"taxonomy":"post_tag","embeddable":true,"href":"https:\/\/agora.xtec.cat\/ceip-torre-llauder-mataro\/wp-json\/wp\/v2\/tags?post=1551"}],"curies":[{"name":"wp","href":"https:\/\/api.w.org\/{rel}","templated":true}]}}