{"id":1543,"date":"2018-03-22T16:25:51","date_gmt":"2018-03-22T15:25:51","guid":{"rendered":"http:\/\/agora.xtec.cat\/ceip-torre-llauder-mataro\/?p=1543"},"modified":"2018-03-22T16:27:37","modified_gmt":"2018-03-22T15:27:37","slug":"grafia-1-2-3-i-4","status":"publish","type":"post","link":"https:\/\/agora.xtec.cat\/ceip-torre-llauder-mataro\/infantil\/grafia-1-2-3-i-4\/","title":{"rendered":"Grafia 1, 2, 3 i 4"},"content":{"rendered":"<p>Estem repassant tots els n\u00fameros i per tant la seva grafia.<\/p>\n<p>Aix\u00ed doncs, una de les activitats que hem fet al desdoblament de matem\u00e0tiques \u00e9s realitzar la grafia dels n\u00fameros que sabem fins ara: 1, 2, 3 i 4.\u00a0 Amb diferents t\u00e8cniques: pintura, farina, plastilina, guix, llapis&#8230;<\/p>\n<p><a href=\"https:\/\/photos.app.goo.gl\/5VI9bi7R2pZDYVTH3\">1, 2, 3 i 4<\/a><\/p>\n","protected":false},"excerpt":{"rendered":"<p>Estem repassant tots els n\u00fameros i per tant la seva grafia.<br \/>\nAix\u00ed doncs, una de les activitats que hem fet al desdoblament de matem\u00e0tiques \u00e9s realitzar la grafia dels n\u00fameros que sabem fins ara: 1, 2, 3 i 4.\u00a0 Amb diferents t\u00e8cniques: pintura, farina, plastilina, guix,&hellip;  <a href=\"https:\/\/agora.xtec.cat\/ceip-torre-llauder-mataro\/infantil\/grafia-1-2-3-i-4\/\" title=\"Read Grafia 1, 2, 3 i 4\">Llegeix m\u00e9s\u00bb<\/a><\/p>\n","protected":false},"author":7,"featured_media":0,"comment_status":"open","ping_status":"closed","sticky":false,"template":"","format":"standard","meta":{"_bbp_topic_count":0,"_bbp_reply_count":0,"_bbp_total_topic_count":0,"_bbp_total_reply_count":0,"_bbp_voice_count":0,"_bbp_anonymous_reply_count":0,"_bbp_topic_count_hidden":0,"_bbp_reply_count_hidden":0,"_bbp_forum_subforum_count":0,"footnotes":""},"categories":[8,2],"tags":[],"class_list":["post-1543","post","type-post","status-publish","format-standard","hentry","category-i5","category-infantil"],"post_mailing_queue_ids":[],"_links":{"self":[{"href":"https:\/\/agora.xtec.cat\/ceip-torre-llauder-mataro\/wp-json\/wp\/v2\/posts\/1543","targetHints":{"allow":["GET"]}}],"collection":[{"href":"https:\/\/agora.xtec.cat\/ceip-torre-llauder-mataro\/wp-json\/wp\/v2\/posts"}],"about":[{"href":"https:\/\/agora.xtec.cat\/ceip-torre-llauder-mataro\/wp-json\/wp\/v2\/types\/post"}],"author":[{"embeddable":true,"href":"https:\/\/agora.xtec.cat\/ceip-torre-llauder-mataro\/wp-json\/wp\/v2\/users\/7"}],"replies":[{"embeddable":true,"href":"https:\/\/agora.xtec.cat\/ceip-torre-llauder-mataro\/wp-json\/wp\/v2\/comments?post=1543"}],"version-history":[{"count":2,"href":"https:\/\/agora.xtec.cat\/ceip-torre-llauder-mataro\/wp-json\/wp\/v2\/posts\/1543\/revisions"}],"predecessor-version":[{"id":1545,"href":"https:\/\/agora.xtec.cat\/ceip-torre-llauder-mataro\/wp-json\/wp\/v2\/posts\/1543\/revisions\/1545"}],"wp:attachment":[{"href":"https:\/\/agora.xtec.cat\/ceip-torre-llauder-mataro\/wp-json\/wp\/v2\/media?parent=1543"}],"wp:term":[{"taxonomy":"category","embeddable":true,"href":"https:\/\/agora.xtec.cat\/ceip-torre-llauder-mataro\/wp-json\/wp\/v2\/categories?post=1543"},{"taxonomy":"post_tag","embeddable":true,"href":"https:\/\/agora.xtec.cat\/ceip-torre-llauder-mataro\/wp-json\/wp\/v2\/tags?post=1543"}],"curies":[{"name":"wp","href":"https:\/\/api.w.org\/{rel}","templated":true}]}}