{"id":1524,"date":"2018-03-16T13:26:34","date_gmt":"2018-03-16T12:26:34","guid":{"rendered":"http:\/\/agora.xtec.cat\/ceip-torre-llauder-mataro\/?p=1524"},"modified":"2018-04-27T10:58:43","modified_gmt":"2018-04-27T08:58:43","slug":"projecte-dels-romans","status":"publish","type":"post","link":"https:\/\/agora.xtec.cat\/ceip-torre-llauder-mataro\/general\/projecte-dels-romans\/","title":{"rendered":"Projecte dels romans"},"content":{"rendered":"<p>Els alumnes de 5\u00e8 hem realitzat un projecte sobre els romans. Hem investigat sobre la seva vida, cultura, societat, ex\u00e8rcit, &#8230; Hem fet diferents activitats:\u00a0 mosaics, corones de llorer, ens hem vestit amb t\u00faniques i hem jugat als jocs dels nens romans, hem fet una celebraci\u00f3 en una imagin\u00e0ria Domus romana, tamb\u00e9 hem visitat les restes de la vila romana Torre Llauder i moltes altres activitats.<\/p>\n<p><a href=\"https:\/\/photos.app.goo.gl\/zfbuKJVXyDE6l0ba2\" target=\"_blank\" rel=\"noopener noreferrer\">Si vols veure les fotos, clica aqu\u00ed<\/a><\/p>\n","protected":false},"excerpt":{"rendered":"<p>Els alumnes de 5\u00e8 hem realitzat un projecte sobre els romans. Hem investigat sobre la seva vida, cultura, societat, ex\u00e8rcit, &#8230; Hem fet diferents activitats:\u00a0 mosaics, corones de llorer, ens hem vestit amb t\u00faniques i hem jugat als jocs dels nens romans, hem fet una&hellip;  <a href=\"https:\/\/agora.xtec.cat\/ceip-torre-llauder-mataro\/general\/projecte-dels-romans\/\" title=\"Read Projecte dels romans\">Llegeix m\u00e9s\u00bb<\/a><\/p>\n","protected":false},"author":1,"featured_media":0,"comment_status":"open","ping_status":"closed","sticky":false,"template":"","format":"standard","meta":{"_bbp_topic_count":0,"_bbp_reply_count":0,"_bbp_total_topic_count":0,"_bbp_total_reply_count":0,"_bbp_voice_count":0,"_bbp_anonymous_reply_count":0,"_bbp_topic_count_hidden":0,"_bbp_reply_count_hidden":0,"_bbp_forum_subforum_count":0,"footnotes":""},"categories":[14,1,4,5],"tags":[],"class_list":["post-1524","post","type-post","status-publish","format-standard","hentry","category-6e","category-general","category-portada","category-primaria"],"post_mailing_queue_ids":[],"_links":{"self":[{"href":"https:\/\/agora.xtec.cat\/ceip-torre-llauder-mataro\/wp-json\/wp\/v2\/posts\/1524","targetHints":{"allow":["GET"]}}],"collection":[{"href":"https:\/\/agora.xtec.cat\/ceip-torre-llauder-mataro\/wp-json\/wp\/v2\/posts"}],"about":[{"href":"https:\/\/agora.xtec.cat\/ceip-torre-llauder-mataro\/wp-json\/wp\/v2\/types\/post"}],"author":[{"embeddable":true,"href":"https:\/\/agora.xtec.cat\/ceip-torre-llauder-mataro\/wp-json\/wp\/v2\/users\/1"}],"replies":[{"embeddable":true,"href":"https:\/\/agora.xtec.cat\/ceip-torre-llauder-mataro\/wp-json\/wp\/v2\/comments?post=1524"}],"version-history":[{"count":3,"href":"https:\/\/agora.xtec.cat\/ceip-torre-llauder-mataro\/wp-json\/wp\/v2\/posts\/1524\/revisions"}],"predecessor-version":[{"id":1610,"href":"https:\/\/agora.xtec.cat\/ceip-torre-llauder-mataro\/wp-json\/wp\/v2\/posts\/1524\/revisions\/1610"}],"wp:attachment":[{"href":"https:\/\/agora.xtec.cat\/ceip-torre-llauder-mataro\/wp-json\/wp\/v2\/media?parent=1524"}],"wp:term":[{"taxonomy":"category","embeddable":true,"href":"https:\/\/agora.xtec.cat\/ceip-torre-llauder-mataro\/wp-json\/wp\/v2\/categories?post=1524"},{"taxonomy":"post_tag","embeddable":true,"href":"https:\/\/agora.xtec.cat\/ceip-torre-llauder-mataro\/wp-json\/wp\/v2\/tags?post=1524"}],"curies":[{"name":"wp","href":"https:\/\/api.w.org\/{rel}","templated":true}]}}