{"id":1500,"date":"2018-03-06T21:56:33","date_gmt":"2018-03-06T20:56:33","guid":{"rendered":"http:\/\/agora.xtec.cat\/ceip-torre-llauder-mataro\/?p=1500"},"modified":"2023-04-13T09:57:31","modified_gmt":"2023-04-13T07:57:31","slug":"els-alumnes-de-6e-anem-descala","status":"publish","type":"post","link":"https:\/\/agora.xtec.cat\/ceip-torre-llauder-mataro\/general\/els-alumnes-de-6e-anem-descala\/","title":{"rendered":"Els alumnes de 6\u00e8 anem d&#8217;escalada."},"content":{"rendered":"<p>El dilluns 5 de Mar\u00e7 els alumnes de sis\u00e8 hem anat al roc\u00f2drom B\u00falder Planet. All\u00e0 vam poder practicar l&#8217;escalada sense corda i fer diversos jocs.<\/p>\n<p>Si voleu veure com de b\u00e9 ens ho vam passar, cliqueu <a href=\"https:\/\/photos.app.goo.gl\/M8jWZV411EtOPMxD3\" target=\"_blank\" rel=\"noopener\"><strong>aqu\u00ed<\/strong><\/a><\/p>\n","protected":false},"excerpt":{"rendered":"<p>El dilluns 5 de Mar\u00e7 els alumnes de sis\u00e8 hem anat al roc\u00f2drom B\u00falder Planet. All\u00e0 vam poder practicar l&#8217;escalada sense corda i fer diversos jocs.<br \/>\nSi voleu veure com de b\u00e9 ens ho vam passar, cliqueu <a href=\"https:\/\/photos.app.goo.gl\/M8jWZV411EtOPMxD3\" target=\"_blank\" rel=\"noopener\">aqu\u00ed<\/a><\/p>\n","protected":false},"author":1,"featured_media":0,"comment_status":"open","ping_status":"closed","sticky":false,"template":"","format":"standard","meta":{"_bbp_topic_count":0,"_bbp_reply_count":0,"_bbp_total_topic_count":0,"_bbp_total_reply_count":0,"_bbp_voice_count":0,"_bbp_anonymous_reply_count":0,"_bbp_topic_count_hidden":0,"_bbp_reply_count_hidden":0,"_bbp_forum_subforum_count":0,"footnotes":""},"categories":[1,4,5,15],"tags":[92],"class_list":["post-1500","post","type-post","status-publish","format-standard","hentry","category-general","category-portada","category-primaria","category-promocio-2009-2018","tag-educacio-fisica"],"post_mailing_queue_ids":[],"_links":{"self":[{"href":"https:\/\/agora.xtec.cat\/ceip-torre-llauder-mataro\/wp-json\/wp\/v2\/posts\/1500","targetHints":{"allow":["GET"]}}],"collection":[{"href":"https:\/\/agora.xtec.cat\/ceip-torre-llauder-mataro\/wp-json\/wp\/v2\/posts"}],"about":[{"href":"https:\/\/agora.xtec.cat\/ceip-torre-llauder-mataro\/wp-json\/wp\/v2\/types\/post"}],"author":[{"embeddable":true,"href":"https:\/\/agora.xtec.cat\/ceip-torre-llauder-mataro\/wp-json\/wp\/v2\/users\/1"}],"replies":[{"embeddable":true,"href":"https:\/\/agora.xtec.cat\/ceip-torre-llauder-mataro\/wp-json\/wp\/v2\/comments?post=1500"}],"version-history":[{"count":3,"href":"https:\/\/agora.xtec.cat\/ceip-torre-llauder-mataro\/wp-json\/wp\/v2\/posts\/1500\/revisions"}],"predecessor-version":[{"id":5937,"href":"https:\/\/agora.xtec.cat\/ceip-torre-llauder-mataro\/wp-json\/wp\/v2\/posts\/1500\/revisions\/5937"}],"wp:attachment":[{"href":"https:\/\/agora.xtec.cat\/ceip-torre-llauder-mataro\/wp-json\/wp\/v2\/media?parent=1500"}],"wp:term":[{"taxonomy":"category","embeddable":true,"href":"https:\/\/agora.xtec.cat\/ceip-torre-llauder-mataro\/wp-json\/wp\/v2\/categories?post=1500"},{"taxonomy":"post_tag","embeddable":true,"href":"https:\/\/agora.xtec.cat\/ceip-torre-llauder-mataro\/wp-json\/wp\/v2\/tags?post=1500"}],"curies":[{"name":"wp","href":"https:\/\/api.w.org\/{rel}","templated":true}]}}