{"id":1468,"date":"2018-02-28T20:20:54","date_gmt":"2018-02-28T19:20:54","guid":{"rendered":"http:\/\/agora.xtec.cat\/ceip-torre-llauder-mataro\/?p=1468"},"modified":"2018-02-28T20:20:54","modified_gmt":"2018-02-28T19:20:54","slug":"racons-febrer-p4","status":"publish","type":"post","link":"https:\/\/agora.xtec.cat\/ceip-torre-llauder-mataro\/infantil\/racons-febrer-p4\/","title":{"rendered":"RACONS FEBRER P4"},"content":{"rendered":"<p>Mireu, mireu, els nens i nenes de P4 s\u00f3n els protagonistes dels seus aprenentatges!! Donades les activitats proposades trien all\u00f2 que els ve de gust treballar a cada moment, actuen seguint els seus interessos i motivacions i aix\u00f2 els garanteix un aprenentatge positiu i molt m\u00e9s profit\u00f3s.<\/p>\n<p><a href=\"https:\/\/photos.app.goo.gl\/bvJdoAL2ME4SI8Zu1\">P4 RACONS FEBRER<\/a><\/p>\n","protected":false},"excerpt":{"rendered":"<p>Mireu, mireu, els nens i nenes de P4 s\u00f3n els protagonistes dels seus aprenentatges!! Donades les activitats proposades trien all\u00f2 que els ve de gust treballar a cada moment, actuen seguint els seus interessos i motivacions i aix\u00f2 els garanteix un aprenentatge positiu i molt&hellip;  <a href=\"https:\/\/agora.xtec.cat\/ceip-torre-llauder-mataro\/infantil\/racons-febrer-p4\/\" title=\"Read RACONS FEBRER P4\">Llegeix m\u00e9s\u00bb<\/a><\/p>\n","protected":false},"author":21,"featured_media":0,"comment_status":"open","ping_status":"closed","sticky":false,"template":"","format":"standard","meta":{"_bbp_topic_count":0,"_bbp_reply_count":0,"_bbp_total_topic_count":0,"_bbp_total_reply_count":0,"_bbp_voice_count":0,"_bbp_anonymous_reply_count":0,"_bbp_topic_count_hidden":0,"_bbp_reply_count_hidden":0,"_bbp_forum_subforum_count":0,"footnotes":""},"categories":[8,2],"tags":[],"class_list":["post-1468","post","type-post","status-publish","format-standard","hentry","category-i5","category-infantil"],"post_mailing_queue_ids":[],"_links":{"self":[{"href":"https:\/\/agora.xtec.cat\/ceip-torre-llauder-mataro\/wp-json\/wp\/v2\/posts\/1468","targetHints":{"allow":["GET"]}}],"collection":[{"href":"https:\/\/agora.xtec.cat\/ceip-torre-llauder-mataro\/wp-json\/wp\/v2\/posts"}],"about":[{"href":"https:\/\/agora.xtec.cat\/ceip-torre-llauder-mataro\/wp-json\/wp\/v2\/types\/post"}],"author":[{"embeddable":true,"href":"https:\/\/agora.xtec.cat\/ceip-torre-llauder-mataro\/wp-json\/wp\/v2\/users\/21"}],"replies":[{"embeddable":true,"href":"https:\/\/agora.xtec.cat\/ceip-torre-llauder-mataro\/wp-json\/wp\/v2\/comments?post=1468"}],"version-history":[{"count":1,"href":"https:\/\/agora.xtec.cat\/ceip-torre-llauder-mataro\/wp-json\/wp\/v2\/posts\/1468\/revisions"}],"predecessor-version":[{"id":1469,"href":"https:\/\/agora.xtec.cat\/ceip-torre-llauder-mataro\/wp-json\/wp\/v2\/posts\/1468\/revisions\/1469"}],"wp:attachment":[{"href":"https:\/\/agora.xtec.cat\/ceip-torre-llauder-mataro\/wp-json\/wp\/v2\/media?parent=1468"}],"wp:term":[{"taxonomy":"category","embeddable":true,"href":"https:\/\/agora.xtec.cat\/ceip-torre-llauder-mataro\/wp-json\/wp\/v2\/categories?post=1468"},{"taxonomy":"post_tag","embeddable":true,"href":"https:\/\/agora.xtec.cat\/ceip-torre-llauder-mataro\/wp-json\/wp\/v2\/tags?post=1468"}],"curies":[{"name":"wp","href":"https:\/\/api.w.org\/{rel}","templated":true}]}}