{"id":1454,"date":"2018-02-26T18:59:18","date_gmt":"2018-02-26T17:59:18","guid":{"rendered":"http:\/\/agora.xtec.cat\/ceip-torre-llauder-mataro\/?p=1454"},"modified":"2021-11-17T11:32:56","modified_gmt":"2021-11-17T10:32:56","slug":"els-cicle-superior-anem-al-museu-de-la-colonia-vidal","status":"publish","type":"post","link":"https:\/\/agora.xtec.cat\/ceip-torre-llauder-mataro\/general\/els-cicle-superior-anem-al-museu-de-la-colonia-vidal\/","title":{"rendered":"Els de Cicle Superior anem al Museu de la Col\u00f2nia Vidal"},"content":{"rendered":"<p>Els alumnes de cinqu\u00e8 i sis\u00e8 vam anar el passat 23 de febrer al Museu de la Col\u00f2nia Vidal de Puig Reig. All\u00e0 ens esperaven un parell de germans for\u00e7a curiosos que ens van ensenyar com era la Col\u00f2nia Vidal. D&#8217;aquesta manera vam poder veure com era la m\u00e0quina de vapor, la maquin\u00e0ria t\u00e8xtil,\u00a0 filadores o els telers, ens ensenyaren tamb\u00e9 com s&#8217;aprofitava l&#8217;aigua del riu Llobregat com a energia hidr\u00e0ulica, la zona on vivien els treballadors i fins i tot, vam veure una vivenda per dins.<\/p>\n<p>Les escoles per a nens i nenes, el casal de la dona, les dutxes, l&#8217;esgl\u00e9sia, els teatre, la peixateria, els safareig dels vius i dels morts,&#8230; van completar la visita.<\/p>\n<p>Si voleu veure les <a href=\"https:\/\/photos.app.goo.gl\/WVM5JfiLMwijLQs62\"><strong>fotografies cliqueu aqu\u00ed<\/strong><\/a>.<\/p>\n","protected":false},"excerpt":{"rendered":"<p>Els alumnes de cinqu\u00e8 i sis\u00e8 vam anar el passat 23 de febrer al Museu de la Col\u00f2nia Vidal de Puig Reig. All\u00e0 ens esperaven un parell de germans for\u00e7a curiosos que ens van ensenyar com era la Col\u00f2nia Vidal. D&#8217;aquesta manera vam poder veure&hellip;  <a href=\"https:\/\/agora.xtec.cat\/ceip-torre-llauder-mataro\/general\/els-cicle-superior-anem-al-museu-de-la-colonia-vidal\/\" title=\"Read Els de Cicle Superior anem al Museu de la Col\u00f2nia Vidal\">Llegeix m\u00e9s\u00bb<\/a><\/p>\n","protected":false},"author":1,"featured_media":0,"comment_status":"open","ping_status":"closed","sticky":false,"template":"","format":"standard","meta":{"_bbp_topic_count":0,"_bbp_reply_count":0,"_bbp_total_topic_count":0,"_bbp_total_reply_count":0,"_bbp_voice_count":0,"_bbp_anonymous_reply_count":0,"_bbp_topic_count_hidden":0,"_bbp_reply_count_hidden":0,"_bbp_forum_subforum_count":0,"footnotes":""},"categories":[14,1,4,15],"tags":[],"class_list":["post-1454","post","type-post","status-publish","format-standard","hentry","category-6e","category-general","category-portada","category-promocio-2009-2018"],"post_mailing_queue_ids":[],"_links":{"self":[{"href":"https:\/\/agora.xtec.cat\/ceip-torre-llauder-mataro\/wp-json\/wp\/v2\/posts\/1454","targetHints":{"allow":["GET"]}}],"collection":[{"href":"https:\/\/agora.xtec.cat\/ceip-torre-llauder-mataro\/wp-json\/wp\/v2\/posts"}],"about":[{"href":"https:\/\/agora.xtec.cat\/ceip-torre-llauder-mataro\/wp-json\/wp\/v2\/types\/post"}],"author":[{"embeddable":true,"href":"https:\/\/agora.xtec.cat\/ceip-torre-llauder-mataro\/wp-json\/wp\/v2\/users\/1"}],"replies":[{"embeddable":true,"href":"https:\/\/agora.xtec.cat\/ceip-torre-llauder-mataro\/wp-json\/wp\/v2\/comments?post=1454"}],"version-history":[{"count":2,"href":"https:\/\/agora.xtec.cat\/ceip-torre-llauder-mataro\/wp-json\/wp\/v2\/posts\/1454\/revisions"}],"predecessor-version":[{"id":1489,"href":"https:\/\/agora.xtec.cat\/ceip-torre-llauder-mataro\/wp-json\/wp\/v2\/posts\/1454\/revisions\/1489"}],"wp:attachment":[{"href":"https:\/\/agora.xtec.cat\/ceip-torre-llauder-mataro\/wp-json\/wp\/v2\/media?parent=1454"}],"wp:term":[{"taxonomy":"category","embeddable":true,"href":"https:\/\/agora.xtec.cat\/ceip-torre-llauder-mataro\/wp-json\/wp\/v2\/categories?post=1454"},{"taxonomy":"post_tag","embeddable":true,"href":"https:\/\/agora.xtec.cat\/ceip-torre-llauder-mataro\/wp-json\/wp\/v2\/tags?post=1454"}],"curies":[{"name":"wp","href":"https:\/\/api.w.org\/{rel}","templated":true}]}}