{"id":1438,"date":"2018-02-21T20:36:12","date_gmt":"2018-02-21T19:36:12","guid":{"rendered":"http:\/\/agora.xtec.cat\/ceip-torre-llauder-mataro\/?p=1438"},"modified":"2018-02-21T20:36:12","modified_gmt":"2018-02-21T19:36:12","slug":"activitats-relacionades-amb-carnaval","status":"publish","type":"post","link":"https:\/\/agora.xtec.cat\/ceip-torre-llauder-mataro\/infantil\/i5\/activitats-relacionades-amb-carnaval\/","title":{"rendered":"ACTIVITATS RELACIONADES AMB CARNAVAL"},"content":{"rendered":"<p>Comparteixo amb vosaltres dues activitats realitzades durant la setmana de Carnestoltes relacionades amb la psicomotricitat fina, la creativitat i l&#8217;aprenentatge de l&#8217;esquema corporal (parts del cos i de la cara). Una \u00e9s de tra\u00e7 creatiu sobre el vestit d&#8217;en Carnestoltes amb retoladors fins (els que fan servir a P5) i l&#8217;altre \u00e9s la sessi\u00f3 de maquillatge que van fer a psicomotricitat.<\/p>\n<p><a href=\"https:\/\/photos.app.goo.gl\/r1PGkPdBuiHqu2QW2\">TRA\u00c7 i MAQUILLATGE<\/a><\/p>\n","protected":false},"excerpt":{"rendered":"<p>Comparteixo amb vosaltres dues activitats realitzades durant la setmana de Carnestoltes relacionades amb la psicomotricitat fina, la creativitat i l&#8217;aprenentatge de l&#8217;esquema corporal (parts del cos i de la cara). Una \u00e9s de tra\u00e7 creatiu sobre el vestit d&#8217;en Carnestoltes amb retoladors fins (els que&hellip;  <a href=\"https:\/\/agora.xtec.cat\/ceip-torre-llauder-mataro\/infantil\/i5\/activitats-relacionades-amb-carnaval\/\" title=\"Read ACTIVITATS RELACIONADES AMB CARNAVAL\">Llegeix m\u00e9s\u00bb<\/a><\/p>\n","protected":false},"author":21,"featured_media":0,"comment_status":"open","ping_status":"closed","sticky":false,"template":"","format":"standard","meta":{"_bbp_topic_count":0,"_bbp_reply_count":0,"_bbp_total_topic_count":0,"_bbp_total_reply_count":0,"_bbp_voice_count":0,"_bbp_anonymous_reply_count":0,"_bbp_topic_count_hidden":0,"_bbp_reply_count_hidden":0,"_bbp_forum_subforum_count":0,"footnotes":""},"categories":[8],"tags":[],"class_list":["post-1438","post","type-post","status-publish","format-standard","hentry","category-i5"],"post_mailing_queue_ids":[],"_links":{"self":[{"href":"https:\/\/agora.xtec.cat\/ceip-torre-llauder-mataro\/wp-json\/wp\/v2\/posts\/1438","targetHints":{"allow":["GET"]}}],"collection":[{"href":"https:\/\/agora.xtec.cat\/ceip-torre-llauder-mataro\/wp-json\/wp\/v2\/posts"}],"about":[{"href":"https:\/\/agora.xtec.cat\/ceip-torre-llauder-mataro\/wp-json\/wp\/v2\/types\/post"}],"author":[{"embeddable":true,"href":"https:\/\/agora.xtec.cat\/ceip-torre-llauder-mataro\/wp-json\/wp\/v2\/users\/21"}],"replies":[{"embeddable":true,"href":"https:\/\/agora.xtec.cat\/ceip-torre-llauder-mataro\/wp-json\/wp\/v2\/comments?post=1438"}],"version-history":[{"count":1,"href":"https:\/\/agora.xtec.cat\/ceip-torre-llauder-mataro\/wp-json\/wp\/v2\/posts\/1438\/revisions"}],"predecessor-version":[{"id":1439,"href":"https:\/\/agora.xtec.cat\/ceip-torre-llauder-mataro\/wp-json\/wp\/v2\/posts\/1438\/revisions\/1439"}],"wp:attachment":[{"href":"https:\/\/agora.xtec.cat\/ceip-torre-llauder-mataro\/wp-json\/wp\/v2\/media?parent=1438"}],"wp:term":[{"taxonomy":"category","embeddable":true,"href":"https:\/\/agora.xtec.cat\/ceip-torre-llauder-mataro\/wp-json\/wp\/v2\/categories?post=1438"},{"taxonomy":"post_tag","embeddable":true,"href":"https:\/\/agora.xtec.cat\/ceip-torre-llauder-mataro\/wp-json\/wp\/v2\/tags?post=1438"}],"curies":[{"name":"wp","href":"https:\/\/api.w.org\/{rel}","templated":true}]}}