{"id":1436,"date":"2018-02-21T20:30:44","date_gmt":"2018-02-21T19:30:44","guid":{"rendered":"http:\/\/agora.xtec.cat\/ceip-torre-llauder-mataro\/?p=1436"},"modified":"2018-02-21T20:30:44","modified_gmt":"2018-02-21T19:30:44","slug":"arc-de-sant-marti","status":"publish","type":"post","link":"https:\/\/agora.xtec.cat\/ceip-torre-llauder-mataro\/infantil\/arc-de-sant-marti\/","title":{"rendered":"ARC DE SANT MART\u00cd"},"content":{"rendered":"<p>Arrel de la celebraci\u00f3 del Dia de la No Viol\u00e8ncia i la Pau (DENIP) i del conte dels COLORS que vam explicar hem aprofitat per fer un ARC DE SANT MART\u00cd COOPERATIU, \u00e9s a dir entre tots els nens i nenes del parvulari i les mestres.<\/p>\n<p><a href=\"https:\/\/photos.app.goo.gl\/kQYPPy4BvJZkpJWJ3\">ARC DE SANT MART\u00cd (DENIP)<\/a><\/p>\n","protected":false},"excerpt":{"rendered":"<p>Arrel de la celebraci\u00f3 del Dia de la No Viol\u00e8ncia i la Pau (DENIP) i del conte dels COLORS que vam explicar hem aprofitat per fer un ARC DE SANT MART\u00cd COOPERATIU, \u00e9s a dir entre tots els nens i nenes del parvulari i les&hellip;  <a href=\"https:\/\/agora.xtec.cat\/ceip-torre-llauder-mataro\/infantil\/arc-de-sant-marti\/\" title=\"Read ARC DE SANT MART\u00cd\">Llegeix m\u00e9s\u00bb<\/a><\/p>\n","protected":false},"author":21,"featured_media":0,"comment_status":"open","ping_status":"closed","sticky":false,"template":"","format":"standard","meta":{"_bbp_topic_count":0,"_bbp_reply_count":0,"_bbp_total_topic_count":0,"_bbp_total_reply_count":0,"_bbp_voice_count":0,"_bbp_anonymous_reply_count":0,"_bbp_topic_count_hidden":0,"_bbp_reply_count_hidden":0,"_bbp_forum_subforum_count":0,"footnotes":""},"categories":[9,3,8,2],"tags":[],"class_list":["post-1436","post","type-post","status-publish","format-standard","hentry","category-1r","category-i4","category-i5","category-infantil"],"post_mailing_queue_ids":[],"_links":{"self":[{"href":"https:\/\/agora.xtec.cat\/ceip-torre-llauder-mataro\/wp-json\/wp\/v2\/posts\/1436","targetHints":{"allow":["GET"]}}],"collection":[{"href":"https:\/\/agora.xtec.cat\/ceip-torre-llauder-mataro\/wp-json\/wp\/v2\/posts"}],"about":[{"href":"https:\/\/agora.xtec.cat\/ceip-torre-llauder-mataro\/wp-json\/wp\/v2\/types\/post"}],"author":[{"embeddable":true,"href":"https:\/\/agora.xtec.cat\/ceip-torre-llauder-mataro\/wp-json\/wp\/v2\/users\/21"}],"replies":[{"embeddable":true,"href":"https:\/\/agora.xtec.cat\/ceip-torre-llauder-mataro\/wp-json\/wp\/v2\/comments?post=1436"}],"version-history":[{"count":1,"href":"https:\/\/agora.xtec.cat\/ceip-torre-llauder-mataro\/wp-json\/wp\/v2\/posts\/1436\/revisions"}],"predecessor-version":[{"id":1437,"href":"https:\/\/agora.xtec.cat\/ceip-torre-llauder-mataro\/wp-json\/wp\/v2\/posts\/1436\/revisions\/1437"}],"wp:attachment":[{"href":"https:\/\/agora.xtec.cat\/ceip-torre-llauder-mataro\/wp-json\/wp\/v2\/media?parent=1436"}],"wp:term":[{"taxonomy":"category","embeddable":true,"href":"https:\/\/agora.xtec.cat\/ceip-torre-llauder-mataro\/wp-json\/wp\/v2\/categories?post=1436"},{"taxonomy":"post_tag","embeddable":true,"href":"https:\/\/agora.xtec.cat\/ceip-torre-llauder-mataro\/wp-json\/wp\/v2\/tags?post=1436"}],"curies":[{"name":"wp","href":"https:\/\/api.w.org\/{rel}","templated":true}]}}