{"id":1434,"date":"2018-02-21T20:15:36","date_gmt":"2018-02-21T19:15:36","guid":{"rendered":"http:\/\/agora.xtec.cat\/ceip-torre-llauder-mataro\/?p=1434"},"modified":"2018-02-21T20:15:36","modified_gmt":"2018-02-21T19:15:36","slug":"gelatina","status":"publish","type":"post","link":"https:\/\/agora.xtec.cat\/ceip-torre-llauder-mataro\/infantil\/i5\/gelatina\/","title":{"rendered":"GELATINA"},"content":{"rendered":"<p>Tornem a fer de cuiners i cuineres a la sessi\u00f3 d&#8217;experimentaci\u00f3 d&#8217;avui (16\/02\/2018)!! Avui ha tocat gelatina de maduixa. Hem identificat a trav\u00e9s del tacte l&#8217;aigua calenta i la freda, hem pogut barrejar el preparat amb la calenta i hem remenat ben remenat. Un cop afegida l&#8217;aigua freda hem seguit remenant, despr\u00e9s ho hem repartit en gotets i tocava esperar. A m\u00e9s hem introduit conceptes com POLS, L\u00cdQUID I S\u00d2LID.<\/p>\n<p><a href=\"https:\/\/photos.app.goo.gl\/1rMW4Y5ICABPFA9T2\">P4 FEM GELATINA<\/a><\/p>\n","protected":false},"excerpt":{"rendered":"<p>Tornem a fer de cuiners i cuineres a la sessi\u00f3 d&#8217;experimentaci\u00f3 d&#8217;avui (16\/02\/2018)!! Avui ha tocat gelatina de maduixa. Hem identificat a trav\u00e9s del tacte l&#8217;aigua calenta i la freda, hem pogut barrejar el preparat amb la calenta i hem remenat ben remenat. Un cop&hellip;  <a href=\"https:\/\/agora.xtec.cat\/ceip-torre-llauder-mataro\/infantil\/i5\/gelatina\/\" title=\"Read GELATINA\">Llegeix m\u00e9s\u00bb<\/a><\/p>\n","protected":false},"author":21,"featured_media":0,"comment_status":"open","ping_status":"closed","sticky":false,"template":"","format":"standard","meta":{"_bbp_topic_count":0,"_bbp_reply_count":0,"_bbp_total_topic_count":0,"_bbp_total_reply_count":0,"_bbp_voice_count":0,"_bbp_anonymous_reply_count":0,"_bbp_topic_count_hidden":0,"_bbp_reply_count_hidden":0,"_bbp_forum_subforum_count":0,"footnotes":""},"categories":[8],"tags":[],"class_list":["post-1434","post","type-post","status-publish","format-standard","hentry","category-i5"],"post_mailing_queue_ids":[],"_links":{"self":[{"href":"https:\/\/agora.xtec.cat\/ceip-torre-llauder-mataro\/wp-json\/wp\/v2\/posts\/1434","targetHints":{"allow":["GET"]}}],"collection":[{"href":"https:\/\/agora.xtec.cat\/ceip-torre-llauder-mataro\/wp-json\/wp\/v2\/posts"}],"about":[{"href":"https:\/\/agora.xtec.cat\/ceip-torre-llauder-mataro\/wp-json\/wp\/v2\/types\/post"}],"author":[{"embeddable":true,"href":"https:\/\/agora.xtec.cat\/ceip-torre-llauder-mataro\/wp-json\/wp\/v2\/users\/21"}],"replies":[{"embeddable":true,"href":"https:\/\/agora.xtec.cat\/ceip-torre-llauder-mataro\/wp-json\/wp\/v2\/comments?post=1434"}],"version-history":[{"count":1,"href":"https:\/\/agora.xtec.cat\/ceip-torre-llauder-mataro\/wp-json\/wp\/v2\/posts\/1434\/revisions"}],"predecessor-version":[{"id":1435,"href":"https:\/\/agora.xtec.cat\/ceip-torre-llauder-mataro\/wp-json\/wp\/v2\/posts\/1434\/revisions\/1435"}],"wp:attachment":[{"href":"https:\/\/agora.xtec.cat\/ceip-torre-llauder-mataro\/wp-json\/wp\/v2\/media?parent=1434"}],"wp:term":[{"taxonomy":"category","embeddable":true,"href":"https:\/\/agora.xtec.cat\/ceip-torre-llauder-mataro\/wp-json\/wp\/v2\/categories?post=1434"},{"taxonomy":"post_tag","embeddable":true,"href":"https:\/\/agora.xtec.cat\/ceip-torre-llauder-mataro\/wp-json\/wp\/v2\/tags?post=1434"}],"curies":[{"name":"wp","href":"https:\/\/api.w.org\/{rel}","templated":true}]}}