{"id":1424,"date":"2018-02-11T22:48:40","date_gmt":"2018-02-11T21:48:40","guid":{"rendered":"http:\/\/agora.xtec.cat\/ceip-torre-llauder-mataro\/?p=1424"},"modified":"2018-02-11T22:48:40","modified_gmt":"2018-02-11T21:48:40","slug":"disfressa-de-la-diablessa","status":"publish","type":"post","link":"https:\/\/agora.xtec.cat\/ceip-torre-llauder-mataro\/infantil\/disfressa-de-la-diablessa\/","title":{"rendered":"DISFRESSA DE LA DIABLESSA!!"},"content":{"rendered":"<p>Durant aquests dies hem estat preparant la disfressa de la diablessa amb molta dedicaci\u00f3 i tamb\u00e9 molta il.lusi\u00f3, esperem que us hagi agradat i, tot i el fred i els imprevistos, hagueu gaudit de la festa. En un altre article penjarem les fotos i videos dels balls. De moment us ensenyem tooooota la preparaci\u00f3, els nens\/es han pintat amb guix, amb pintura, han fet tra\u00e7 tamb\u00e9 han estampat, han pintat amb ceres i barnissat. Tamb\u00e9 han retallat i han punxat un munt. Finalment han enganxat les peces de la disfressa a la capa!!<\/p>\n<p><a href=\"https:\/\/photos.app.goo.gl\/GQvdttuo3ZNRsecy2\">Preparaci\u00f3 de la disfressa diablessa<\/a><\/p>\n","protected":false},"excerpt":{"rendered":"<p>Durant aquests dies hem estat preparant la disfressa de la diablessa amb molta dedicaci\u00f3 i tamb\u00e9 molta il.lusi\u00f3, esperem que us hagi agradat i, tot i el fred i els imprevistos, hagueu gaudit de la festa. En un altre article penjarem les fotos i videos&hellip;  <a href=\"https:\/\/agora.xtec.cat\/ceip-torre-llauder-mataro\/infantil\/disfressa-de-la-diablessa\/\" title=\"Read DISFRESSA DE LA DIABLESSA!!\">Llegeix m\u00e9s\u00bb<\/a><\/p>\n","protected":false},"author":21,"featured_media":0,"comment_status":"open","ping_status":"closed","sticky":false,"template":"","format":"standard","meta":{"_bbp_topic_count":0,"_bbp_reply_count":0,"_bbp_total_topic_count":0,"_bbp_total_reply_count":0,"_bbp_voice_count":0,"_bbp_anonymous_reply_count":0,"_bbp_topic_count_hidden":0,"_bbp_reply_count_hidden":0,"_bbp_forum_subforum_count":0,"footnotes":""},"categories":[8,2],"tags":[],"class_list":["post-1424","post","type-post","status-publish","format-standard","hentry","category-i5","category-infantil"],"post_mailing_queue_ids":[],"_links":{"self":[{"href":"https:\/\/agora.xtec.cat\/ceip-torre-llauder-mataro\/wp-json\/wp\/v2\/posts\/1424","targetHints":{"allow":["GET"]}}],"collection":[{"href":"https:\/\/agora.xtec.cat\/ceip-torre-llauder-mataro\/wp-json\/wp\/v2\/posts"}],"about":[{"href":"https:\/\/agora.xtec.cat\/ceip-torre-llauder-mataro\/wp-json\/wp\/v2\/types\/post"}],"author":[{"embeddable":true,"href":"https:\/\/agora.xtec.cat\/ceip-torre-llauder-mataro\/wp-json\/wp\/v2\/users\/21"}],"replies":[{"embeddable":true,"href":"https:\/\/agora.xtec.cat\/ceip-torre-llauder-mataro\/wp-json\/wp\/v2\/comments?post=1424"}],"version-history":[{"count":1,"href":"https:\/\/agora.xtec.cat\/ceip-torre-llauder-mataro\/wp-json\/wp\/v2\/posts\/1424\/revisions"}],"predecessor-version":[{"id":1425,"href":"https:\/\/agora.xtec.cat\/ceip-torre-llauder-mataro\/wp-json\/wp\/v2\/posts\/1424\/revisions\/1425"}],"wp:attachment":[{"href":"https:\/\/agora.xtec.cat\/ceip-torre-llauder-mataro\/wp-json\/wp\/v2\/media?parent=1424"}],"wp:term":[{"taxonomy":"category","embeddable":true,"href":"https:\/\/agora.xtec.cat\/ceip-torre-llauder-mataro\/wp-json\/wp\/v2\/categories?post=1424"},{"taxonomy":"post_tag","embeddable":true,"href":"https:\/\/agora.xtec.cat\/ceip-torre-llauder-mataro\/wp-json\/wp\/v2\/tags?post=1424"}],"curies":[{"name":"wp","href":"https:\/\/api.w.org\/{rel}","templated":true}]}}