{"id":1421,"date":"2018-02-11T22:22:23","date_gmt":"2018-02-11T21:22:23","guid":{"rendered":"http:\/\/agora.xtec.cat\/ceip-torre-llauder-mataro\/?p=1421"},"modified":"2018-02-11T22:22:23","modified_gmt":"2018-02-11T21:22:23","slug":"ha-nevat-a-p4","status":"publish","type":"post","link":"https:\/\/agora.xtec.cat\/ceip-torre-llauder-mataro\/infantil\/ha-nevat-a-p4\/","title":{"rendered":"HA NEVAT A P4!!"},"content":{"rendered":"<p>A l&#8217;\u00faltima sessi\u00f3 d&#8217;experimentaci\u00f3 hem aconseguit que nev\u00e9s a l&#8217;aula de P4!! Els nens i nenes s&#8217;ho han passat la mar de b\u00e9!! Amb una senzilla de barreja de bicarbonat i una mica d&#8217;aigua hem aconseguit el color, la textura i al comen\u00e7ament, fins i tot, la temperatura de la neu.<\/p>\n<p><a href=\"https:\/\/photos.app.goo.gl\/T2q0Ur8cXw9SY9eu2\">NEU A P4<\/a><\/p>\n","protected":false},"excerpt":{"rendered":"<p>A l&#8217;\u00faltima sessi\u00f3 d&#8217;experimentaci\u00f3 hem aconseguit que nev\u00e9s a l&#8217;aula de P4!! Els nens i nenes s&#8217;ho han passat la mar de b\u00e9!! Amb una senzilla de barreja de bicarbonat i una mica d&#8217;aigua hem aconseguit el color, la textura i al comen\u00e7ament, fins i&hellip;  <a href=\"https:\/\/agora.xtec.cat\/ceip-torre-llauder-mataro\/infantil\/ha-nevat-a-p4\/\" title=\"Read HA NEVAT A P4!!\">Llegeix m\u00e9s\u00bb<\/a><\/p>\n","protected":false},"author":21,"featured_media":0,"comment_status":"open","ping_status":"closed","sticky":false,"template":"","format":"standard","meta":{"_bbp_topic_count":0,"_bbp_reply_count":0,"_bbp_total_topic_count":0,"_bbp_total_reply_count":0,"_bbp_voice_count":0,"_bbp_anonymous_reply_count":0,"_bbp_topic_count_hidden":0,"_bbp_reply_count_hidden":0,"_bbp_forum_subforum_count":0,"footnotes":""},"categories":[8,2],"tags":[],"class_list":["post-1421","post","type-post","status-publish","format-standard","hentry","category-i5","category-infantil"],"post_mailing_queue_ids":[],"_links":{"self":[{"href":"https:\/\/agora.xtec.cat\/ceip-torre-llauder-mataro\/wp-json\/wp\/v2\/posts\/1421","targetHints":{"allow":["GET"]}}],"collection":[{"href":"https:\/\/agora.xtec.cat\/ceip-torre-llauder-mataro\/wp-json\/wp\/v2\/posts"}],"about":[{"href":"https:\/\/agora.xtec.cat\/ceip-torre-llauder-mataro\/wp-json\/wp\/v2\/types\/post"}],"author":[{"embeddable":true,"href":"https:\/\/agora.xtec.cat\/ceip-torre-llauder-mataro\/wp-json\/wp\/v2\/users\/21"}],"replies":[{"embeddable":true,"href":"https:\/\/agora.xtec.cat\/ceip-torre-llauder-mataro\/wp-json\/wp\/v2\/comments?post=1421"}],"version-history":[{"count":1,"href":"https:\/\/agora.xtec.cat\/ceip-torre-llauder-mataro\/wp-json\/wp\/v2\/posts\/1421\/revisions"}],"predecessor-version":[{"id":1422,"href":"https:\/\/agora.xtec.cat\/ceip-torre-llauder-mataro\/wp-json\/wp\/v2\/posts\/1421\/revisions\/1422"}],"wp:attachment":[{"href":"https:\/\/agora.xtec.cat\/ceip-torre-llauder-mataro\/wp-json\/wp\/v2\/media?parent=1421"}],"wp:term":[{"taxonomy":"category","embeddable":true,"href":"https:\/\/agora.xtec.cat\/ceip-torre-llauder-mataro\/wp-json\/wp\/v2\/categories?post=1421"},{"taxonomy":"post_tag","embeddable":true,"href":"https:\/\/agora.xtec.cat\/ceip-torre-llauder-mataro\/wp-json\/wp\/v2\/tags?post=1421"}],"curies":[{"name":"wp","href":"https:\/\/api.w.org\/{rel}","templated":true}]}}